{"id":4271,"date":"2019-09-24T18:55:57","date_gmt":"2019-09-24T23:55:57","guid":{"rendered":"http:\/\/derechosinfronteras.pe\/?p=5086"},"modified":"2019-09-24T18:55:57","modified_gmt":"2019-09-24T23:55:57","slug":"espinar-presentan-estudio-sobre-mujeres-mineria-y-salud-mental","status":"publish","type":"post","link":"https:\/\/derechosinfronteras.pe\/ingles\/espinar-presentan-estudio-sobre-mujeres-mineria-y-salud-mental\/","title":{"rendered":"Espinar: Presentan estudio sobre mujeres, miner\u00eda y salud mental"},"content":{"rendered":"<p>El reciente 20 de setiembre se present\u00f3, en las instalaciones de la municipalidad provincial de Espinar, el estudio \u201cMujer, Miner\u00eda y Salud Mental\u201d, cuya investigaci\u00f3n fue promovida por Derechos Humanos sin Fronteras. Al evento asistieron mujeres de diferentes comunidades, algunos l\u00edderes sociales y funcionarios estatales.<\/p>\n<p>El objetivo principal de este espacio fue \u00a0visibilizar \u00a0los impactos diferenciados de la actividad minera en las mujeres y su salud mental, adem\u00e1s de promover discusi\u00f3n sobre la problem\u00e1tica e icidir entre las autoridades locales y representantes de entidades competentes para que incorporen practicas adecuadas de atenci\u00f3n.<\/p>\n<p>Como parte de la presentaci\u00f3n se realizaron dos mesas tem\u00e1ticas, la primera conformada por Caroline Weill, quien lider\u00f3 la investigaci\u00f3n; Carmen Chambi, afectada por metales t\u00f3xicos, Mellisa Wong, responsable de la l\u00ednea mujer de DHSF y Jaime Borda, director de DHSF.<\/p>\n<p>En la segunda mesa participaron Yaned Soledad Quispe Ccollque Coordinadora del Centro de Emergencia de Mujeres; Jenny Shan Huilca Salazar, Regidora Provincial de Espinar y Eva Mary Vilcasa Humari, y la Fiscal Provincial de Familia.<\/p>\n<p>Las mujeres asistentes, vieron su vida reflejada en los resultados del estudio, y no dudaron en participar con reflexiones y comentarios sobre la necesidad de que el Estado y la empresa minera asuman acciones diferencias para atender la situaci\u00f3n de las mujeres.<\/p>\n<p>En las pr\u00f3ximas semanas publicaremos la versi\u00f3n digital y gratuita del estudio.<\/p>\n<p><iframe src=\"https:\/\/www.facebook.com\/plugins\/video.php?href=https%3A%2F%2Fwww.facebook.com%2Fderechossinfronteras.pe%2Fvideos%2F2456350954691644%2F&#038;show_text=0&#038;width=560\" width=\"560\" height=\"315\" style=\"border:none;overflow:hidden\" scrolling=\"no\" frameborder=\"0\" allowtransparency=\"true\" allowfullscreen=\"true\"><\/iframe><\/p>","protected":false},"excerpt":{"rendered":"<p>El reciente 20 de setiembre se present\u00f3, en las instalaciones de la municipalidad provincial de Espinar, el estudio \u201cMujer, Miner\u00eda y Salud Mental\u201d, cuya investigaci\u00f3n fue promovida por Derechos Humanos sin Fronteras. Al evento asistieron mujeres de diferentes comunidades, algunos l\u00edderes sociales y funcionarios estatales. El objetivo principal de este espacio fue \u00a0visibilizar \u00a0los impactos [&hellip;]<\/p>\n","protected":false},"author":1,"featured_media":4272,"comment_status":"open","ping_status":"open","sticky":false,"template":"","format":"standard","meta":{"_monsterinsights_skip_tracking":false,"_monsterinsights_sitenote_active":false,"_monsterinsights_sitenote_note":"","_monsterinsights_sitenote_category":0,"_jetpack_memberships_contains_paid_content":false,"footnotes":"","jetpack_publicize_message":"","jetpack_publicize_feature_enabled":true,"jetpack_social_post_already_shared":false,"jetpack_social_options":{"image_generator_settings":{"template":"highway","default_image_id":0,"font":"","enabled":false},"version":2}},"categories":[1],"tags":[],"class_list":["post-4271","post","type-post","status-publish","format-standard","has-post-thumbnail","hentry","category-sin-categoria"],"blocksy_meta":[],"jetpack_publicize_connections":[],"jetpack_featured_media_url":"https:\/\/derechosinfronteras.pe\/wp-content\/uploads\/2019\/09\/PResentacion.jpg","jetpack_sharing_enabled":true,"jetpack_likes_enabled":true,"_links":{"self":[{"href":"https:\/\/derechosinfronteras.pe\/ingles\/wp-json\/wp\/v2\/posts\/4271","targetHints":{"allow":["GET"]}}],"collection":[{"href":"https:\/\/derechosinfronteras.pe\/ingles\/wp-json\/wp\/v2\/posts"}],"about":[{"href":"https:\/\/derechosinfronteras.pe\/ingles\/wp-json\/wp\/v2\/types\/post"}],"author":[{"embeddable":true,"href":"https:\/\/derechosinfronteras.pe\/ingles\/wp-json\/wp\/v2\/users\/1"}],"replies":[{"embeddable":true,"href":"https:\/\/derechosinfronteras.pe\/ingles\/wp-json\/wp\/v2\/comments?post=4271"}],"version-history":[{"count":0,"href":"https:\/\/derechosinfronteras.pe\/ingles\/wp-json\/wp\/v2\/posts\/4271\/revisions"}],"wp:featuredmedia":[{"embeddable":true,"href":"https:\/\/derechosinfronteras.pe\/ingles\/wp-json\/wp\/v2\/media\/4272"}],"wp:attachment":[{"href":"https:\/\/derechosinfronteras.pe\/ingles\/wp-json\/wp\/v2\/media?parent=4271"}],"wp:term":[{"taxonomy":"category","embeddable":true,"href":"https:\/\/derechosinfronteras.pe\/ingles\/wp-json\/wp\/v2\/categories?post=4271"},{"taxonomy":"post_tag","embeddable":true,"href":"https:\/\/derechosinfronteras.pe\/ingles\/wp-json\/wp\/v2\/tags?post=4271"}],"curies":[{"name":"wp","href":"https:\/\/api.w.org\/{rel}","templated":true}]}}