{"id":4275,"date":"2019-09-18T12:01:11","date_gmt":"2019-09-18T17:01:11","guid":{"rendered":"http:\/\/derechosinfronteras.pe\/?p=5072"},"modified":"2019-09-18T12:01:11","modified_gmt":"2019-09-18T17:01:11","slug":"reinicia-juicio-oral-contra-ex-dirigentes-y-ex-alcalde-de-espinar","status":"publish","type":"post","link":"https:\/\/derechosinfronteras.pe\/ingles\/reinicia-juicio-oral-contra-ex-dirigentes-y-ex-alcalde-de-espinar\/","title":{"rendered":"Reinicia juicio oral contra ex dirigentes y ex alcalde de Espinar"},"content":{"rendered":"<p><strong>Ica:<\/strong>\u00a0Este viernes 20 de setiembre, despu\u00e9s de una postergaci\u00f3n, deber\u00e1 reiniciar el juicio oral contra el ex alcalde de la provincia cusque\u00f1a de Espinar, Oscar Mollohuanca y los ex dirigentes sociales Herbert Huam\u00e1n y Sergio Huaman\u00ed, quienes vienen afrontando un largo proceso penal por participar en la movilizaci\u00f3n social de mayo del 2012, exigiendo respeto al medio ambiente a la empresa minera Glencore Xstrata y al Gobierno Nacional. La Fiscal\u00eda los denuncia por delitos de atentado contra la seguridad p\u00fablica, disturbios y otros, por haber participado en la protesta social del a\u00f1o 2012,<\/p>\n<p>El 17 de julio del 2017, el Juez del primer juzgado unipersonal de Ica, absolvi\u00f3 a\u00a0<strong>Oscar Mollohuanca, ex alcalde de Espinar, as\u00ed como a Herbert Huam\u00e1n y Sergio Huaman\u00ed presidente y vicepresidente del Frente de Defensa de Espinar (FUDIE)\u00a0<\/strong>y\u00a0<strong>los declar\u00f3<\/strong>\u00a0<strong>inocentes<\/strong>. La Fiscal\u00eda hab\u00eda solicitado 20 a\u00f1os de prisi\u00f3n efectiva, y una reparaci\u00f3n civil de 100 mil soles. La Procuradur\u00eda P\u00fablica Especializada en Delitos Contra el Orden P\u00fablico del Ministerio del Interior y el Fiscal de la Primera Fiscal\u00eda Provincial Penal Corporativa de Ica apelaron esta sentencia.<\/p>\n<p>Hace m\u00e1s de un a\u00f1o, la Primera Sala de Apelaciones y Flagrancia de Ica, conformado por los magistrados Osmar Albujar De La Roca, Jos\u00e9 Javier Magallanes Sebasti\u00e1n y el Juez Rafael Fernando Salazar Pe\u00f1aloza,\u00a0<strong>decidieron declarar nula la sentencia que absuelve a dichos dirigentes cusque\u00f1os y ordenaron un nuevo juicio, los argumentos de los jueces fueron que la sentencia de primera instancia no ten\u00eda el debido sustento, sin embargo, el Juez en primera instancia si hizo una correcta fundamentaci\u00f3n.<\/strong><\/p>\n<p>Desde las organizaciones de derechos humanos se ha indicado que este proceso judicial seguido a los tres l\u00edderes fue injusto desde el principio, ya que no se respetaron principios constitucionales como ser juzgados en su lugar de origen y no en la regi\u00f3n de Ica. Por otro lado, no se puede denunciar a dirigentes por ejercer de manera leg\u00edtima su derecho a la protesta social.\u00a0<strong>Este proceso se ha convertido en un ejemplo simb\u00f3lico de como el Estado Peruano ha mantenido su pol\u00edtica de criminalizaci\u00f3n de la protesta social.<\/strong><\/p>\n<p><iframe src=\"https:\/\/www.facebook.com\/plugins\/video.php?href=https%3A%2F%2Fwww.facebook.com%2Fderechossinfronteras.pe%2Fvideos%2F388416535182314%2F&#038;show_text=0&#038;width=560\" width=\"560\" height=\"315\" style=\"border:none;overflow:hidden\" scrolling=\"no\" frameborder=\"0\" allowtransparency=\"true\" allowfullscreen=\"true\"><\/iframe><\/p>","protected":false},"excerpt":{"rendered":"<p>Ica:\u00a0Este viernes 20 de setiembre, despu\u00e9s de una postergaci\u00f3n, deber\u00e1 reiniciar el juicio oral contra el ex alcalde de la provincia cusque\u00f1a de Espinar, Oscar Mollohuanca y los ex dirigentes sociales Herbert Huam\u00e1n y Sergio Huaman\u00ed, quienes vienen afrontando un largo proceso penal por participar en la movilizaci\u00f3n social de mayo del 2012, exigiendo respeto [&hellip;]<\/p>\n","protected":false},"author":1,"featured_media":4276,"comment_status":"open","ping_status":"open","sticky":false,"template":"","format":"standard","meta":{"_monsterinsights_skip_tracking":false,"_monsterinsights_sitenote_active":false,"_monsterinsights_sitenote_note":"","_monsterinsights_sitenote_category":0,"_jetpack_memberships_contains_paid_content":false,"footnotes":"","jetpack_publicize_message":"","jetpack_publicize_feature_enabled":true,"jetpack_social_post_already_shared":false,"jetpack_social_options":{"image_generator_settings":{"template":"highway","default_image_id":0,"font":"","enabled":false},"version":2}},"categories":[1],"tags":[],"class_list":["post-4275","post","type-post","status-publish","format-standard","has-post-thumbnail","hentry","category-sin-categoria"],"blocksy_meta":[],"jetpack_publicize_connections":[],"jetpack_featured_media_url":"https:\/\/derechosinfronteras.pe\/wp-content\/uploads\/2019\/09\/Caso-Espinar.jpg","jetpack_sharing_enabled":true,"jetpack_likes_enabled":true,"_links":{"self":[{"href":"https:\/\/derechosinfronteras.pe\/ingles\/wp-json\/wp\/v2\/posts\/4275","targetHints":{"allow":["GET"]}}],"collection":[{"href":"https:\/\/derechosinfronteras.pe\/ingles\/wp-json\/wp\/v2\/posts"}],"about":[{"href":"https:\/\/derechosinfronteras.pe\/ingles\/wp-json\/wp\/v2\/types\/post"}],"author":[{"embeddable":true,"href":"https:\/\/derechosinfronteras.pe\/ingles\/wp-json\/wp\/v2\/users\/1"}],"replies":[{"embeddable":true,"href":"https:\/\/derechosinfronteras.pe\/ingles\/wp-json\/wp\/v2\/comments?post=4275"}],"version-history":[{"count":0,"href":"https:\/\/derechosinfronteras.pe\/ingles\/wp-json\/wp\/v2\/posts\/4275\/revisions"}],"wp:featuredmedia":[{"embeddable":true,"href":"https:\/\/derechosinfronteras.pe\/ingles\/wp-json\/wp\/v2\/media\/4276"}],"wp:attachment":[{"href":"https:\/\/derechosinfronteras.pe\/ingles\/wp-json\/wp\/v2\/media?parent=4275"}],"wp:term":[{"taxonomy":"category","embeddable":true,"href":"https:\/\/derechosinfronteras.pe\/ingles\/wp-json\/wp\/v2\/categories?post=4275"},{"taxonomy":"post_tag","embeddable":true,"href":"https:\/\/derechosinfronteras.pe\/ingles\/wp-json\/wp\/v2\/tags?post=4275"}],"curies":[{"name":"wp","href":"https:\/\/api.w.org\/{rel}","templated":true}]}}