{"id":4277,"date":"2019-09-12T18:47:39","date_gmt":"2019-09-12T23:47:39","guid":{"rendered":"http:\/\/derechosinfronteras.pe\/?p=5069"},"modified":"2019-09-12T18:47:39","modified_gmt":"2019-09-12T23:47:39","slug":"pnp-reprime-violentamente-protesta-minera-y-a-parlamentarios-que-mediaban-en-conflicto","status":"publish","type":"post","link":"https:\/\/derechosinfronteras.pe\/ingles\/pnp-reprime-violentamente-protesta-minera-y-a-parlamentarios-que-mediaban-en-conflicto\/","title":{"rendered":"PNP reprime violentamente protesta minera y a parlamentarios que mediaban en conflicto"},"content":{"rendered":"<h2 style=\"text-align: center;\">Comunicado<\/h2>\n<p>En la tarde de hoy jueves, los trabajadores de la Federaci\u00f3n de Trabajadores Mineros, Metal\u00fargicos y Sider\u00fargicos del Per\u00fa, que vienen acatando un paro indefinido desde el 10 de septiembre, fueron duramente reprimidos en el frontis del Ministerio de Trabajo por efectivos de la Polic\u00eda Nacional del Per\u00fa (PNP) cuando protestaban para que la Ministra de Trabajo, se\u00f1ora Sylvia C\u00e1ceres, reciba a sus dirigentes para tratar las demandas de los trabajadores mineros.<\/p>\n<p>Desde la CNDDHH deploramos la falta de voluntad de di\u00e1logo de la Ministra de Trabajo, as\u00ed como el hecho de apelar al uso de la violencia de la fuerza policial en vez de canalizar democr\u00e1ticamente las demandas de las y los trabajadores para su adecuado y justo tratamiento. Una vez m\u00e1s, la respuesta al leg\u00edtimo ejercicio del derecho a la protesta ha sido la represi\u00f3n.<\/p>\n<p>Se ha informado a la CNDDHH de la detenci\u00f3n de 17 dirigentes de la Federaci\u00f3n Minera. Lamentamos que se pretenda acallar las protestas y conflictos sociales con la persecuci\u00f3n, detenci\u00f3n y criminalizaci\u00f3n de las y los defensores de derechos humanos, como ha ocurrido en esta oportunidad con la dirigencia de la Federaci\u00f3n Minera.<\/p>\n<p>Expresamos del mismo modo nuestra solidaridad con los congresistas del Frente Amplio, que cumpliendo una importante labor de mediaci\u00f3n, para facilitar el di\u00e1logo entre las autoridades del MINTRA y de la Federaci\u00f3n Minera, han resultado violentados en su investidura de representantes de la Naci\u00f3n.<\/p>\n<p>La CNDDHH expresa su rechazo a toda forma de violencia y hace un serio llamado de atenci\u00f3n a las autoridades, especialmente del Ministerio de Trabajo y del Ministerio del Interior, por el uso indebido y desproporcionado de la fuerza. Del mismo modo, exige la liberaci\u00f3n inmediata de los dirigentes detenidos y que se instauren los mecanismos de di\u00e1logo para atender las demandas de los trabajadores mineros.<\/p>\n<p style=\"text-align: right;\">Lima, 12 de septiembre 2019<\/p>","protected":false},"excerpt":{"rendered":"<p>Comunicado En la tarde de hoy jueves, los trabajadores de la Federaci\u00f3n de Trabajadores Mineros, Metal\u00fargicos y Sider\u00fargicos del Per\u00fa, que vienen acatando un paro indefinido desde el 10 de septiembre, fueron duramente reprimidos en el frontis del Ministerio de Trabajo por efectivos de la Polic\u00eda Nacional del Per\u00fa (PNP) cuando protestaban para que la [&hellip;]<\/p>\n","protected":false},"author":1,"featured_media":4278,"comment_status":"open","ping_status":"open","sticky":false,"template":"","format":"standard","meta":{"_monsterinsights_skip_tracking":false,"_monsterinsights_sitenote_active":false,"_monsterinsights_sitenote_note":"","_monsterinsights_sitenote_category":0,"_jetpack_memberships_contains_paid_content":false,"footnotes":"","jetpack_publicize_message":"","jetpack_publicize_feature_enabled":true,"jetpack_social_post_already_shared":false,"jetpack_social_options":{"image_generator_settings":{"template":"highway","default_image_id":0,"font":"","enabled":false},"version":2}},"categories":[1],"tags":[],"class_list":["post-4277","post","type-post","status-publish","format-standard","has-post-thumbnail","hentry","category-sin-categoria"],"blocksy_meta":[],"jetpack_publicize_connections":[],"jetpack_featured_media_url":"https:\/\/derechosinfronteras.pe\/wp-content\/uploads\/2019\/09\/5d7a9d95d3ee2.jpeg","jetpack_sharing_enabled":true,"jetpack_likes_enabled":true,"_links":{"self":[{"href":"https:\/\/derechosinfronteras.pe\/ingles\/wp-json\/wp\/v2\/posts\/4277","targetHints":{"allow":["GET"]}}],"collection":[{"href":"https:\/\/derechosinfronteras.pe\/ingles\/wp-json\/wp\/v2\/posts"}],"about":[{"href":"https:\/\/derechosinfronteras.pe\/ingles\/wp-json\/wp\/v2\/types\/post"}],"author":[{"embeddable":true,"href":"https:\/\/derechosinfronteras.pe\/ingles\/wp-json\/wp\/v2\/users\/1"}],"replies":[{"embeddable":true,"href":"https:\/\/derechosinfronteras.pe\/ingles\/wp-json\/wp\/v2\/comments?post=4277"}],"version-history":[{"count":0,"href":"https:\/\/derechosinfronteras.pe\/ingles\/wp-json\/wp\/v2\/posts\/4277\/revisions"}],"wp:featuredmedia":[{"embeddable":true,"href":"https:\/\/derechosinfronteras.pe\/ingles\/wp-json\/wp\/v2\/media\/4278"}],"wp:attachment":[{"href":"https:\/\/derechosinfronteras.pe\/ingles\/wp-json\/wp\/v2\/media?parent=4277"}],"wp:term":[{"taxonomy":"category","embeddable":true,"href":"https:\/\/derechosinfronteras.pe\/ingles\/wp-json\/wp\/v2\/categories?post=4277"},{"taxonomy":"post_tag","embeddable":true,"href":"https:\/\/derechosinfronteras.pe\/ingles\/wp-json\/wp\/v2\/tags?post=4277"}],"curies":[{"name":"wp","href":"https:\/\/api.w.org\/{rel}","templated":true}]}}