{"id":4281,"date":"2019-08-29T13:29:11","date_gmt":"2019-08-29T18:29:11","guid":{"rendered":"http:\/\/derechosinfronteras.pe\/?p=5059"},"modified":"2019-08-29T13:29:11","modified_gmt":"2019-08-29T18:29:11","slug":"conflicto-armado-interno-estamos-construyendo-el-nuevo-pacto-social-planteado-por-la-comision-de-la-verdad-y-reconciliacion","status":"publish","type":"post","link":"https:\/\/derechosinfronteras.pe\/ingles\/conflicto-armado-interno-estamos-construyendo-el-nuevo-pacto-social-planteado-por-la-comision-de-la-verdad-y-reconciliacion\/","title":{"rendered":"Conflicto armado interno: \u00bfEstamos construyendo el \u201cnuevo pacto social\u201d planteado por la Comisi\u00f3n de la Verdad y Reconciliaci\u00f3n?"},"content":{"rendered":"<blockquote>\n<p style=\"text-align: right;\">Por Miluska Rojas &#8211; Vocera del Movimiento Ciudadano &#8216;Para que no se repita&#8217;<\/p>\n<\/blockquote>\n<p>La transformaci\u00f3n de la sociedad luego del periodo de violencia de 1980 \u2013 2000 es a\u00fan un ideal a alcanzar; las deudas hist\u00f3ricas y las cifras recientes de las violencias (econ\u00f3mica, social, contra la libertad sexual, pol\u00edtica, entre otras) y las exclusiones permanecen en las regiones m\u00e1s afectadas por el conflicto armado interno.<\/p>\n<p>La idea de reparaci\u00f3n integral planteada por las recomendaciones de la Comisi\u00f3n de la verdad y reconciliaci\u00f3n (CVR), complementarias al \u00e9nfasis en el derecho a la verdad, la justicia para las v\u00edctimas y las reformas institucionales, no han logrado implementarse cabalmente ni transformar a la sociedad pos conflicto.<\/p>\n<p>El Informe de la CVR planteo a la sociedad peruana una verdad compleja y dolorosa, y tareas inmediatas y de mediano plazo. Sin embargo, diecis\u00e9is a\u00f1os despu\u00e9s de este informe, a\u00fan existen tareas pendientes para la sociedad peruana respecto de las reparaciones a v\u00edctimas de la violencia, la b\u00fasqueda de personas desaparecidas, la generaci\u00f3n de garant\u00edas de no repetici\u00f3n de la violencia y de la construcci\u00f3n de un \u201cnuevo pacto social\u201d.<\/p>\n<p>Si bien en los \u00faltimos quince a\u00f1os un gran n\u00famero de v\u00edctimas y familiares ha logrado ser parte del Registro \u00fanico de v\u00edctimas, m\u00e1s de 120 mil a nivel nacional, y acceder a algunos beneficios de los programas de reparaci\u00f3n, a\u00fan existen muchas m\u00e1s que sufren el da\u00f1o moral de la impunidad, las secuelas de la guerra interna y la fragilidad de aquello que la CVR denomin\u00f3 \u201cun nuevo pacto social\u201d.<\/p>\n<p>Los programas de reparaci\u00f3n dados para resarcir los da\u00f1os generados a las v\u00edctimas de la violencia de 1980 \u2013 2000, en materia de salud, educaci\u00f3n, vivienda, desplazamiento, restituci\u00f3n de derechos ciudadanos a\u00fan son limitados. El acceso a estos, as\u00ed como el n\u00famero y cobertura de las atenciones es bajo respecto de las secuelas y el n\u00famero de registrados. Las v\u00edctimas de las zonas m\u00e1s alejadas a\u00fan ven desatendidas las secuelas que la tortura, la violencia sexual, la precariedad vivienda, y la ausencia de un familiar desaparecido puede haber dejado en ellas. La dilaci\u00f3n de los procesos fiscales y judiciales, la postergaci\u00f3n de los casos, las limitaciones de tiempo y cobertura en los programas de reparaciones parecen mantener la sensaci\u00f3n de deuda e impunidad. Siendo el acceso a la justicia y la recuperaci\u00f3n de restos de personas desaparecidas los \u00e1mbitos donde menos resultados se han obtenido.<\/p>\n<p>Ante este escenario la memoria y la incidencia pol\u00edtica han sido y seguir\u00e1n siendo, quiz\u00e1s, la principal estrategia para afianzar los cambios sugeridos por la CVR. Los m\u00e1s de 165 espacios de memoria existentes y las iniciativas ciudadanas de memoria sobre este periodo alientan la construcci\u00f3n de un nuevo pacto social donde otro Per\u00fa es posible. Un pa\u00eds libre de exclusiones, atento a resarcir y evitar da\u00f1os de guerra o de conflictos internos, y a buscar a cada v\u00edctima de desaparici\u00f3n forzadamente, voluntaria y diligentemente.<\/p>\n<p>Datos:<\/p>\n<ul>\n<li>En junio de 2016, el Ejecutivo promulg\u00f3 la\u00a0ley de b\u00fasqueda de personas desaparecidas\u00a0durante el periodo de violencia 1980-2000.<\/li>\n<li>En 2017 se cre\u00f3 la Direcci\u00f3n General de B\u00fasqueda de Personas desaparecidas que a la fecha ha logrado registrar 20 mil 511 personas desaparecidas durante 1980 \u2013 2000.<\/li>\n<li>Del total de personas desaparecidas apenas 1199 (aproximadamente el 6%) han sido recuperadas, identificadas y sus restos restituidos a sus familiares.<\/li>\n<\/ul>\n<p>&nbsp;<\/p>\n<ul>\n<li>Existe un aproximado de 13 mil personas de las cuales se desconoce su paradero, y no se tienen certezas sobre su muerte.<\/li>\n<li>En el Per\u00fa hay referencia de los posibles sitios de entierro de 5 mil personas y es necesario establecer el contexto y la hip\u00f3tesis para proceder a la exhumaci\u00f3n.<\/li>\n<li><em>Al 2021<\/em> la Direcci\u00f3n General de B\u00fasqueda de Personas desaparecidas ha proyectado ofrecer 000 respuestas, finales y parciales, sobre las personas desaparecidas.<\/li>\n<li>Ayacucho sigue siendo la regi\u00f3n con el mayor n\u00famero de casos, seguida de Hu\u00e1nuco, Jun\u00edn y Huancavelica. La Direcci\u00f3n General de B\u00fasqueda de Personas desaparecidas cuenta con oficinas descentralizadas en\u00a0<strong>Lima, Ayacucho, Hu\u00e1nuco y Jun\u00edn.<\/strong><\/li>\n<li>En 2018 se aprob\u00f3 la Ley que crea el <a href=\"https:\/\/andina.pe\/agencia\/noticia-banco-datos-geneticos-para-ubicar-personas-desaparecidas-funcionara-pronto-738223.aspx\" target=\"_blank\" rel=\"noopener\">Banco de Datos Gen\u00e9ticos<\/a>, la misma que de implementarse\u00a0permitir\u00e1 guardar los perfiles gen\u00e9ticos para compararlos y as\u00ed encontrar el parentesco entre los familiares y los restos en el proceso de b\u00fasqueda.<\/li>\n<li>A la fecha los perfiles gen\u00e9ticos obtenidos y procesados por el Ministerio P\u00fablico no han sido trasladados a la Direcci\u00f3n General de B\u00fasqueda de Personas desaparecidas, y las coordinaciones entre ambas instituciones requiere de mayor eficacia.<\/li>\n<\/ul>","protected":false},"excerpt":{"rendered":"<p>Por Miluska Rojas &#8211; Vocera del Movimiento Ciudadano &#8216;Para que no se repita&#8217; La transformaci\u00f3n de la sociedad luego del periodo de violencia de 1980 \u2013 2000 es a\u00fan un ideal a alcanzar; las deudas hist\u00f3ricas y las cifras recientes de las violencias (econ\u00f3mica, social, contra la libertad sexual, pol\u00edtica, entre otras) y las exclusiones [&hellip;]<\/p>\n","protected":false},"author":1,"featured_media":4282,"comment_status":"open","ping_status":"open","sticky":false,"template":"","format":"standard","meta":{"_monsterinsights_skip_tracking":false,"_monsterinsights_sitenote_active":false,"_monsterinsights_sitenote_note":"","_monsterinsights_sitenote_category":0,"_jetpack_memberships_contains_paid_content":false,"footnotes":"","jetpack_publicize_message":"","jetpack_publicize_feature_enabled":true,"jetpack_social_post_already_shared":false,"jetpack_social_options":{"image_generator_settings":{"template":"highway","default_image_id":0,"font":"","enabled":false},"version":2}},"categories":[1],"tags":[],"class_list":["post-4281","post","type-post","status-publish","format-standard","has-post-thumbnail","hentry","category-sin-categoria"],"blocksy_meta":[],"jetpack_publicize_connections":[],"jetpack_featured_media_url":"https:\/\/derechosinfronteras.pe\/wp-content\/uploads\/2019\/08\/CVR.jpg","jetpack_sharing_enabled":true,"jetpack_likes_enabled":true,"_links":{"self":[{"href":"https:\/\/derechosinfronteras.pe\/ingles\/wp-json\/wp\/v2\/posts\/4281","targetHints":{"allow":["GET"]}}],"collection":[{"href":"https:\/\/derechosinfronteras.pe\/ingles\/wp-json\/wp\/v2\/posts"}],"about":[{"href":"https:\/\/derechosinfronteras.pe\/ingles\/wp-json\/wp\/v2\/types\/post"}],"author":[{"embeddable":true,"href":"https:\/\/derechosinfronteras.pe\/ingles\/wp-json\/wp\/v2\/users\/1"}],"replies":[{"embeddable":true,"href":"https:\/\/derechosinfronteras.pe\/ingles\/wp-json\/wp\/v2\/comments?post=4281"}],"version-history":[{"count":0,"href":"https:\/\/derechosinfronteras.pe\/ingles\/wp-json\/wp\/v2\/posts\/4281\/revisions"}],"wp:featuredmedia":[{"embeddable":true,"href":"https:\/\/derechosinfronteras.pe\/ingles\/wp-json\/wp\/v2\/media\/4282"}],"wp:attachment":[{"href":"https:\/\/derechosinfronteras.pe\/ingles\/wp-json\/wp\/v2\/media?parent=4281"}],"wp:term":[{"taxonomy":"category","embeddable":true,"href":"https:\/\/derechosinfronteras.pe\/ingles\/wp-json\/wp\/v2\/categories?post=4281"},{"taxonomy":"post_tag","embeddable":true,"href":"https:\/\/derechosinfronteras.pe\/ingles\/wp-json\/wp\/v2\/tags?post=4281"}],"curies":[{"name":"wp","href":"https:\/\/api.w.org\/{rel}","templated":true}]}}