{"id":4283,"date":"2019-08-29T10:58:48","date_gmt":"2019-08-29T15:58:48","guid":{"rendered":"http:\/\/derechosinfronteras.pe\/?p=5052"},"modified":"2019-08-29T10:58:48","modified_gmt":"2019-08-29T15:58:48","slug":"metales-toxicos-en-espinar-atencion-para-quien-y-para-cuantos","status":"publish","type":"post","link":"https:\/\/derechosinfronteras.pe\/ingles\/metales-toxicos-en-espinar-atencion-para-quien-y-para-cuantos\/","title":{"rendered":"Metales t\u00f3xicos en Espinar: \u00bfAtenci\u00f3n para qui\u00e9n y para cu\u00e1ntos?"},"content":{"rendered":"<p>Hace algunos d\u00edas fuimos testigos de las grandes protestas que surgieron a partir de la aprobaci\u00f3n de la licencia de construcci\u00f3n de un proyecto minero en el Valle de Tambo, gran parte de esta poblaci\u00f3n se opone a las actividades mineras: 1) Por los antecedentes de contaminaci\u00f3n ambiental en Tacna y Moquegua que persiguen a Southern y 2) Porque la poblaci\u00f3n opta por seguir potenciando sus actividades agr\u00edcolas en todo el Valle sin ser perjudicados por actividades extractivas.<\/p>\n<p>Otro momento clave que ha surgido en estos d\u00edas ha sido el inicio de protestas por el proyecto Quellaveco ubicada en la provincia de Mariscal Nieto &#8211; Moquegua, la poblaci\u00f3n muestra preocupaciones por el incumplimiento de acuerdos (que suman un total de 26, pactados a\u00fan en el 2012) de Anglo American \u2013 Mitsubishi; como el bajo porcentaje de mano de obra regional en la minera, y la contaminaci\u00f3n del r\u00edo Moquegua (r\u00edo Osmore).<\/p>\n<p>Ambas situaciones regionales nos generan preocupaci\u00f3n sobre la situaci\u00f3n ambiental de muchas zonas del pa\u00eds y, como la poblaci\u00f3n afectada se intenta movilizar para ponerle un \u201cestate quieto\u201d al gobierno y a las empresas mineras.<\/p>\n<p>As\u00ed mismo, recientemente el Congreso de la Rep\u00fablica promovi\u00f3 la Audiencia P\u00fablica: \u201cAvances para la prevenci\u00f3n y atenci\u00f3n integral de la afectaci\u00f3n de la salud por contaminaci\u00f3n con metales pesados y otros asociados a miner\u00eda e hidrocarburos\u201d encaminada por la <strong>Comisi\u00f3n de Pueblos Andinos, Amaz\u00f3nicos, Afroperuanos, Ambiente y Ecolog\u00eda \u2013 CPAAAAE<\/strong>. El cusque\u00f1o Wilbert Rozas, quien presid\u00eda dicha comisi\u00f3n, inform\u00f3: \u201chay m\u00e1s de 7 mil personas afectadas en su salud por la contaminaci\u00f3n con metales pesados y otros t\u00f3xicos en las zonas de miner\u00eda y de hidrocarburos\u201d\u00b9. La cruda realidad frente a la falta de pol\u00edticas p\u00fablicas en materia de salud ambiental y humana nos ha salpicado nuevamente en la cara y, esto conlleva a que nos preguntemos \u00bfCu\u00e1nto tiempo m\u00e1s se extender\u00e1 la atenci\u00f3n especializada a todas estas poblaciones afectadas por metales t\u00f3xicos? Mucha de estas protestas que estamos se\u00f1alando est\u00e1n vinculados porque existe preocupaci\u00f3n de contaminaci\u00f3n ambiental y de la salud de las personas, tal como se evidencia en Moquegua y Espinar, por ejemplo.<\/p>\n<p><strong>Espinar, avances y retrocesos en atenci\u00f3n a la salud expuesta a metales t\u00f3xicos<\/strong><\/p>\n<p>El caso Espinar ha sido parte de varios estudios sociales, ambientales, econ\u00f3micos, entre otros, sin embargo, los avances para atenci\u00f3n de su salud a\u00fan es un sue\u00f1o inalcanzable. Esto lo decimos porque, desde que se instalaron las mesas de di\u00e1logo del 2012\u00b2 poco o nada se ha hecho para atender el principal problema de Espinar: La contaminaci\u00f3n de sus fuentes de agua (Ca\u00f1ip\u00eda y Salado) y la exposici\u00f3n y afectaci\u00f3n a la salud por metales t\u00f3xicos en las personas. No se han sancionado a los responsables porque aparentemente lo que pasa en Espinar es que la contaminaci\u00f3n y presencia de metales es \u201cnatural\u201d.<\/p>\n<p>El Estado ha respondido de manera d\u00e9bil e inconsistente; dos planes de atenci\u00f3n y seguimiento a los afectados de salud por metales t\u00f3xicos emprendidos por la Direcci\u00f3n Regional de Salud (DIRESA) \u2013 Cusco y un plan desde el Ministerio de Salud &#8211; MINSA\u00b3 . Finalmente, si preguntamos a los beneficiarios de los planes, nos comentar\u00e1n que vinieron a hacerlos sentir mal por su situaci\u00f3n (porque el error fue de ellos, por NO abandonar la zona contaminada en la que viven) y, adem\u00e1s algunos comentaran resignados que apenas pudo llevarse a casa algunos bl\u00edsteres de paracetamol o ibuprofeno para calmar sus males.<\/p>\n<p>Hace un par de a\u00f1os una pobladora de la zona de Alto Huancan\u00e9 nos mostr\u00f3 la cantidad de medicamentos que ten\u00eda que tomar para su artritis reumatoidea, puso sobre la mesa 2 bolsas de pastillas, uno de los invitados a la reuni\u00f3n (un Congresista de la Rep\u00fablica) le preguntaba que necesitaba hacer como parlamentario para ayudarla, la respuesta de la comunera fue lapidante para todos los presentes: \u2018A mi hogar han llegado ministros, congresistas, funcionarios de toda clase, ya estoy cansada de contarles lo que me pasa, si hubiera estudiado quiz\u00e1s no me hubiesen enga\u00f1ado los de la mina y hoy estar\u00eda en otra situaci\u00f3n, \u00bfUd. me va a dar pastillas?, \u00bfLograr\u00e1 que me atiendan? Quiero atenci\u00f3n para mi salud, s\u00f3lo eso pido por ahora\u2019 manifest\u00f3 la comunera, d\u00e1ndonos a entender que su situaci\u00f3n de salud se estaba deteriorando y ella lo sab\u00eda, y s\u00f3lo pod\u00eda pedir una sola cosa: Atenci\u00f3n inmediata para seguir viviendo.<\/p>\n<figure id=\"attachment_5054\" aria-describedby=\"caption-attachment-5054\" style=\"width: 1024px\" class=\"wp-caption aligncenter\"><img fetchpriority=\"high\" decoding=\"async\" class=\"size-large wp-image-5054\" src=\"http:\/\/derechosinfronteras.pe\/wp-content\/uploads\/2019\/08\/EAK_sDnXkAYYM3w-1024x683.jpg\" alt=\"\" width=\"1024\" height=\"683\" \/><figcaption id=\"caption-attachment-5054\" class=\"wp-caption-text\">La Ministra de Salud, Zulema Tom\u00e1s Gonzales, lleg\u00f3 hasta Espinar para formar parte de la mesa de di\u00e1logo. Foto: MINSA<\/figcaption><\/figure>\n<p><strong>Sub mesa de salud, ambiente, saneamiento y residuos s\u00f3lidos \u00bfPosibilidad de avanzar?<\/strong><\/p>\n<p>Como ya vimos entre el 2012 y 2018 la situaci\u00f3n de salud de muchas personas no ha cambiado en absoluto. Sin embargo, para el 2019, ante la reactivaci\u00f3n de las mesas de di\u00e1logo y la creaci\u00f3n de la Sub mesa de salud, ambiente, saneamiento y residuos s\u00f3lidos, gener\u00f3 una nueva expectativa en las personas afectadas por metales t\u00f3xicos. La ministra de Salud, Zulema Tom\u00e1s Gonzales, lleg\u00f3 hasta Espinar, el mes pasado, para participar -por primera vez- en la tercera reuni\u00f3n de la sub mesa de salud. Terminada la reuni\u00f3n, la ministra asegur\u00f3 que desde la tercera semana de agosto llegar\u00e1n hasta la provincia cusque\u00f1a un equipo de m\u00e9dicos especialistas para brindar Atenci\u00f3n Integral Especializada a las personas afectadas por metales. As\u00ed mismo a partir del 24 de julio, se empezar\u00eda con atenci\u00f3n priorizada a las personas que requieran una atenci\u00f3n urgente<sup>4\u00a0<\/sup>.<\/p>\n<p>Sin embargo, esto no ha sido efectivo ya que muchos afectados y afectadas se trasladaron hasta el hospital de Espinar, recibiendo como respuesta del personal de salud, que ellos no estaban al tanto de los compromisos de la ministra. Una nueva mecida en contra de las personas afectadas, quienes desde hace muchos a\u00f1os exigen que el Estado las atienda.<\/p>\n<p>Esperamos que en la tercera semana de agosto el arribo de los profesionales de salud a la ciudad de Yauri vaya en el marco de utilizar adecuadamente herramientas como los protocolos y gu\u00edas de diagn\u00f3stico cl\u00ednico para atender las demandas de las comunidades afectadas a su salud por metales t\u00f3xicos.<\/p>\n<p>No podemos seguir permitiendo que los incumplimientos contin\u00faen, mientras la situaci\u00f3n de salud de las y los afectados empeora, y los funcionarios estatales afirman p\u00fablicamente que est\u00e1n \u2018trabajando\u2019 por revertir esta situaci\u00f3n.<\/p>\n<p><iframe style=\"border: none; overflow: hidden;\" src=\"https:\/\/www.facebook.com\/plugins\/post.php?href=https%3A%2F%2Fwww.facebook.com%2Fderechossinfronteras.pe%2Fphotos%2Fa.741549455963585%2F2320254254759756%2F%3Ftype%3D3&amp;width=500\" width=\"500\" height=\"651\" frameborder=\"0\" scrolling=\"no\"><\/iframe><\/p>\n<hr \/>\n<pre>[1]Puede ingresar al siguiente link para m\u00e1s informaci\u00f3n: https:\/\/www.actualidadambiental.pe\/peru-existen-mas-de-7-mil-personas-afectadas-por-contaminacion-con-metales-pesados\/ \n[2] En ese entonces la connotaci\u00f3n y denominaci\u00f3n de las mesas eran: Comit\u00e9 de Gesti\u00f3n y Seguimiento Ambiental Sanitario (CGSAS), Comit\u00e9 de Gesti\u00f3n y Seguimiento del Plan de Inversiones (CGSPI) y Convenio Marco.\n[3] Puede revisar el detalle de estos planes en el siguiente link: http:\/\/cooperaccion.org.pe\/wp-content\/uploads\/2017\/11\/ESPINAR-Informe-sobre-salud-4-1.pdf \n[4] El acta se detalla en el siguiente link: https:\/\/derechosinfronteras.pe\/espinar-ministra-de-salud-se-compromete-a-atender-a-personas-afectadas-por-metales-toxicos\/<\/pre>\n","protected":false},"excerpt":{"rendered":"<p>Hace algunos d\u00edas fuimos testigos de las grandes protestas que surgieron a partir de la aprobaci\u00f3n de la licencia de construcci\u00f3n de un proyecto minero en el Valle de Tambo, gran parte de esta poblaci\u00f3n se opone a las actividades mineras: 1) Por los antecedentes de contaminaci\u00f3n ambiental en Tacna y Moquegua que persiguen a [&hellip;]<\/p>\n","protected":false},"author":1,"featured_media":4284,"comment_status":"open","ping_status":"open","sticky":false,"template":"","format":"standard","meta":{"_monsterinsights_skip_tracking":false,"_monsterinsights_sitenote_active":false,"_monsterinsights_sitenote_note":"","_monsterinsights_sitenote_category":0,"_jetpack_memberships_contains_paid_content":false,"footnotes":"","jetpack_publicize_message":"","jetpack_publicize_feature_enabled":true,"jetpack_social_post_already_shared":false,"jetpack_social_options":{"image_generator_settings":{"template":"highway","default_image_id":0,"font":"","enabled":false},"version":2}},"categories":[1],"tags":[],"class_list":["post-4283","post","type-post","status-publish","format-standard","has-post-thumbnail","hentry","category-sin-categoria"],"blocksy_meta":[],"jetpack_publicize_connections":[],"jetpack_featured_media_url":"https:\/\/derechosinfronteras.pe\/wp-content\/uploads\/2019\/08\/Espinar-1.jpg","jetpack_sharing_enabled":true,"jetpack_likes_enabled":true,"_links":{"self":[{"href":"https:\/\/derechosinfronteras.pe\/ingles\/wp-json\/wp\/v2\/posts\/4283","targetHints":{"allow":["GET"]}}],"collection":[{"href":"https:\/\/derechosinfronteras.pe\/ingles\/wp-json\/wp\/v2\/posts"}],"about":[{"href":"https:\/\/derechosinfronteras.pe\/ingles\/wp-json\/wp\/v2\/types\/post"}],"author":[{"embeddable":true,"href":"https:\/\/derechosinfronteras.pe\/ingles\/wp-json\/wp\/v2\/users\/1"}],"replies":[{"embeddable":true,"href":"https:\/\/derechosinfronteras.pe\/ingles\/wp-json\/wp\/v2\/comments?post=4283"}],"version-history":[{"count":0,"href":"https:\/\/derechosinfronteras.pe\/ingles\/wp-json\/wp\/v2\/posts\/4283\/revisions"}],"wp:featuredmedia":[{"embeddable":true,"href":"https:\/\/derechosinfronteras.pe\/ingles\/wp-json\/wp\/v2\/media\/4284"}],"wp:attachment":[{"href":"https:\/\/derechosinfronteras.pe\/ingles\/wp-json\/wp\/v2\/media?parent=4283"}],"wp:term":[{"taxonomy":"category","embeddable":true,"href":"https:\/\/derechosinfronteras.pe\/ingles\/wp-json\/wp\/v2\/categories?post=4283"},{"taxonomy":"post_tag","embeddable":true,"href":"https:\/\/derechosinfronteras.pe\/ingles\/wp-json\/wp\/v2\/tags?post=4283"}],"curies":[{"name":"wp","href":"https:\/\/api.w.org\/{rel}","templated":true}]}}