{"id":4285,"date":"2019-08-23T20:28:05","date_gmt":"2019-08-24T01:28:05","guid":{"rendered":"http:\/\/derechosinfronteras.pe\/?p=5041"},"modified":"2019-08-23T20:28:05","modified_gmt":"2019-08-24T01:28:05","slug":"chumbivilcas-comunidad-realizo-paro-de-48-horas-en-contra-de-las-bambas","status":"publish","type":"post","link":"https:\/\/derechosinfronteras.pe\/ingles\/chumbivilcas-comunidad-realizo-paro-de-48-horas-en-contra-de-las-bambas\/","title":{"rendered":"Chumbivilcas: Comunidad realiz\u00f3 paro de 48 horas en contra de &#8216;Las Bambas&#8217;"},"content":{"rendered":"<p>El 22 y 23 de agosto, la comunidad de Idiopa \u00d1aupa Japo Urinsaya, del distrito de Colquemarca (Chumbivilcas), realiz\u00f3 una huelga preventiva de 48 horas en el sector cruce anexo de Choccoyo, zona por donde pasan los camiones que transportan concentrado de mineral del proyecto minero Las Bambas. Seg\u00fan un comunicado difundido por la comunidad, la huelga preventiva se realiz\u00f3 \u201cen contra de la contaminaci\u00f3n ambiental y diferentes da\u00f1os causados por parte de la empresa minera Las Bambas S.A., que ocasiona malestar con todos los vecinos y comuneros en toda la ruta del corredor minero con el\u00a0<strong>paso de m\u00e1s de 700 convoyes<\/strong>\u201d.<\/p>\n<p>El presidente de dicha comunidad, Walter Molina, declar\u00f3, para Pulso Regional, que el 22 de agosto el acceso de veh\u00edculos en el sector estuvo bloqueado desde la ma\u00f1ana, pero que por la tarde se abri\u00f3 la carretera del corredor minero porque quieren que la\u00a0<strong>huelga<\/strong>\u00a0sea\u00a0<strong>pac\u00edfica<\/strong>. Tambi\u00e9n manifest\u00f3 que no han recibido ninguna respuesta de parte de la empresa ni de representantes del gobierno.<\/p>\n<p>Las dem\u00e1s peticiones que demanda la comunidad est\u00e1n especificadas en el pliego de reclamos de la\u00a0<em>Federaci\u00f3n Interprovincial de Defensa Territorial y Ambiental de la Provincia de Cotabambas, Chumbivilcas, Espinar, Paruro y Grau\u00a0<\/em>(FIDTACCHEPG), e incluyen diez puntos, entre ellos, la exigencia de consulta previa a las comunidades, el reconocimiento de la vigilancia y monitoreo ambiental comunitario, la derogaci\u00f3n de las leyes que permiten la criminalizaci\u00f3n de la protesta social y el archivamiento de los procesos de las personas denunciadas en el corredor minero, el cese de los estado de emergencia y la eliminaci\u00f3n de los convenios entre la Polic\u00eda y empresas mineras, entre otros.<\/p>\n<p>Seg\u00fan Walter Molina y el presidente de la FIDTACCHEPG, las comunidades y los frentes de defensa provinciales de las zonas afectadas por actividades mineras en Cusco y Apur\u00edmac anunciar\u00e1n un paro indefinido en estos d\u00edas.<\/p>\n<p>&nbsp;<\/p>","protected":false},"excerpt":{"rendered":"<p>El 22 y 23 de agosto, la comunidad de Idiopa \u00d1aupa Japo Urinsaya, del distrito de Colquemarca (Chumbivilcas), realiz\u00f3 una huelga preventiva de 48 horas en el sector cruce anexo de Choccoyo, zona por donde pasan los camiones que transportan concentrado de mineral del proyecto minero Las Bambas. Seg\u00fan un comunicado difundido por la comunidad, [&hellip;]<\/p>\n","protected":false},"author":1,"featured_media":4286,"comment_status":"open","ping_status":"open","sticky":false,"template":"","format":"standard","meta":{"_monsterinsights_skip_tracking":false,"_monsterinsights_sitenote_active":false,"_monsterinsights_sitenote_note":"","_monsterinsights_sitenote_category":0,"_jetpack_memberships_contains_paid_content":false,"footnotes":"","jetpack_publicize_message":"","jetpack_publicize_feature_enabled":true,"jetpack_social_post_already_shared":false,"jetpack_social_options":{"image_generator_settings":{"template":"highway","default_image_id":0,"font":"","enabled":false},"version":2}},"categories":[1],"tags":[],"class_list":["post-4285","post","type-post","status-publish","format-standard","has-post-thumbnail","hentry","category-sin-categoria"],"blocksy_meta":[],"jetpack_publicize_connections":[],"jetpack_featured_media_url":"https:\/\/derechosinfronteras.pe\/wp-content\/uploads\/2019\/08\/Paro.jpg","jetpack_sharing_enabled":true,"jetpack_likes_enabled":true,"_links":{"self":[{"href":"https:\/\/derechosinfronteras.pe\/ingles\/wp-json\/wp\/v2\/posts\/4285","targetHints":{"allow":["GET"]}}],"collection":[{"href":"https:\/\/derechosinfronteras.pe\/ingles\/wp-json\/wp\/v2\/posts"}],"about":[{"href":"https:\/\/derechosinfronteras.pe\/ingles\/wp-json\/wp\/v2\/types\/post"}],"author":[{"embeddable":true,"href":"https:\/\/derechosinfronteras.pe\/ingles\/wp-json\/wp\/v2\/users\/1"}],"replies":[{"embeddable":true,"href":"https:\/\/derechosinfronteras.pe\/ingles\/wp-json\/wp\/v2\/comments?post=4285"}],"version-history":[{"count":0,"href":"https:\/\/derechosinfronteras.pe\/ingles\/wp-json\/wp\/v2\/posts\/4285\/revisions"}],"wp:featuredmedia":[{"embeddable":true,"href":"https:\/\/derechosinfronteras.pe\/ingles\/wp-json\/wp\/v2\/media\/4286"}],"wp:attachment":[{"href":"https:\/\/derechosinfronteras.pe\/ingles\/wp-json\/wp\/v2\/media?parent=4285"}],"wp:term":[{"taxonomy":"category","embeddable":true,"href":"https:\/\/derechosinfronteras.pe\/ingles\/wp-json\/wp\/v2\/categories?post=4285"},{"taxonomy":"post_tag","embeddable":true,"href":"https:\/\/derechosinfronteras.pe\/ingles\/wp-json\/wp\/v2\/tags?post=4285"}],"curies":[{"name":"wp","href":"https:\/\/api.w.org\/{rel}","templated":true}]}}