{"id":4289,"date":"2019-08-22T18:57:19","date_gmt":"2019-08-22T23:57:19","guid":{"rendered":"http:\/\/derechosinfronteras.pe\/?p=5036"},"modified":"2019-08-22T18:57:19","modified_gmt":"2019-08-22T23:57:19","slug":"cusco-denuncian-dos-nuevas-concesiones-mineras-en-el-valle-sagrado-de-los-incas","status":"publish","type":"post","link":"https:\/\/derechosinfronteras.pe\/ingles\/cusco-denuncian-dos-nuevas-concesiones-mineras-en-el-valle-sagrado-de-los-incas\/","title":{"rendered":"Cusco: Denuncian dos nuevas concesiones mineras en el Valle Sagrado de los Incas"},"content":{"rendered":"<p>22 de agosto. Hoy, representantes de 15 comunidades del distrito de Ollantaytambo (provincia de Urubamba, Valle Sagrado) llegaron hasta el Cusco para  denunciaron la existencia de dos concesiones mineras que afectar\u00edan sus territorios y al menos 3 cuencas de la zona.<\/p>\n<p>Los presidentes de las comunidades y representantes de las rondas campesinas mostraron los documentos de dichas concesiones mineras. Una de las resoluciones es de octubre del 2017, fecha en la que el Instituto Geol\u00f3gico Minero y Metal\u00fargico (Ingemmet) otorg\u00f3 la licencia para la exploraci\u00f3n de 400 hect\u00e1reas de extensi\u00f3n de la comunidad de Quellcancca, a favor de la empresa Inversiones Virgen Mar\u00eda de Urkupi\u00f1a E.I.R.L. (Qori Sara). La otra concesi\u00f3n minera est\u00e1 en las comunidades de Tankay y Yanamayo, a favor de un particular: Luis Alberto Urrieta.<\/p>\n<p>El presidente de la comunidad de Quellcancca, Edgar Cisneros Llanos, inform\u00f3 que los pobladores se enteraron de las concesiones mineras en mayo de este a\u00f1o, cuando un grupo de ingenieros lleg\u00f3 con maquinarias a sus comunidades para comenzar la exploraci\u00f3n. \u201cDesde esa fecha nosotros estamos en pie de lucha porque nosotros no queremos la miner\u00eda porque nuestros pueblos viven de la agricultura, de la ganader\u00eda y m\u00e1s que todo del turismo. Por eso estamos pidiendo que se anulen las resoluciones de estas dos empresas\u201d, manifest\u00f3.<\/p>\n<p>Las comunidades est\u00e1n exigiendo la anulaci\u00f3n de las concesiones, adem\u00e1s de consulta previa sobre sus territorios y la declaraci\u00f3n de la cuenca de Patacancha (Urubamba) como Reserva Nacional. Los presidentes comunales dijeron que a\u00fan no han tenido ninguna respuesta por parte de las instituciones del gobierno.<\/p>\n<p>El presidente de las rondas campesinas del distrito de Ollantaytambo, Feliciano Quispe, anunci\u00f3 que este lunes 26 de agosto las comunidades realizar\u00e1n una movilizaci\u00f3n pac\u00edfica en el distrito de Ollantaytambo. Adem\u00e1s, manifestaron su apoyo para la reformulaci\u00f3n de una nueva Ley de Miner\u00eda. \u201cEs una movilizaci\u00f3n pac\u00edfica y no habr\u00e1 bloqueo de v\u00edas\u201d, declar\u00f3 Quispe.<\/p>\n<p><iframe src=\"https:\/\/www.facebook.com\/plugins\/video.php?href=https%3A%2F%2Fwww.facebook.com%2Fderechossinfronteras.pe%2Fvideos%2F368639330469665%2F&#038;show_text=0&#038;width=560\" width=\"560\" height=\"315\" style=\"border:none;overflow:hidden\" scrolling=\"no\" frameborder=\"0\" allowtransparency=\"true\" allowfullscreen=\"true\"><\/iframe>&nbsp;<\/p>","protected":false},"excerpt":{"rendered":"<p>22 de agosto. Hoy, representantes de 15 comunidades del distrito de Ollantaytambo (provincia de Urubamba, Valle Sagrado) llegaron hasta el Cusco para denunciaron la existencia de dos concesiones mineras que afectar\u00edan sus territorios y al menos 3 cuencas de la zona. Los presidentes de las comunidades y representantes de las rondas campesinas mostraron los documentos [&hellip;]<\/p>\n","protected":false},"author":1,"featured_media":4290,"comment_status":"open","ping_status":"open","sticky":false,"template":"","format":"standard","meta":{"_monsterinsights_skip_tracking":false,"_monsterinsights_sitenote_active":false,"_monsterinsights_sitenote_note":"","_monsterinsights_sitenote_category":0,"_jetpack_memberships_contains_paid_content":false,"footnotes":"","jetpack_publicize_message":"","jetpack_publicize_feature_enabled":true,"jetpack_social_post_already_shared":false,"jetpack_social_options":{"image_generator_settings":{"template":"highway","default_image_id":0,"font":"","enabled":false},"version":2}},"categories":[1],"tags":[],"class_list":["post-4289","post","type-post","status-publish","format-standard","has-post-thumbnail","hentry","category-sin-categoria"],"blocksy_meta":[],"jetpack_publicize_connections":[],"jetpack_featured_media_url":"https:\/\/derechosinfronteras.pe\/wp-content\/uploads\/2019\/08\/Espinar-Recuperado.jpg","jetpack_sharing_enabled":true,"jetpack_likes_enabled":true,"_links":{"self":[{"href":"https:\/\/derechosinfronteras.pe\/ingles\/wp-json\/wp\/v2\/posts\/4289","targetHints":{"allow":["GET"]}}],"collection":[{"href":"https:\/\/derechosinfronteras.pe\/ingles\/wp-json\/wp\/v2\/posts"}],"about":[{"href":"https:\/\/derechosinfronteras.pe\/ingles\/wp-json\/wp\/v2\/types\/post"}],"author":[{"embeddable":true,"href":"https:\/\/derechosinfronteras.pe\/ingles\/wp-json\/wp\/v2\/users\/1"}],"replies":[{"embeddable":true,"href":"https:\/\/derechosinfronteras.pe\/ingles\/wp-json\/wp\/v2\/comments?post=4289"}],"version-history":[{"count":0,"href":"https:\/\/derechosinfronteras.pe\/ingles\/wp-json\/wp\/v2\/posts\/4289\/revisions"}],"wp:featuredmedia":[{"embeddable":true,"href":"https:\/\/derechosinfronteras.pe\/ingles\/wp-json\/wp\/v2\/media\/4290"}],"wp:attachment":[{"href":"https:\/\/derechosinfronteras.pe\/ingles\/wp-json\/wp\/v2\/media?parent=4289"}],"wp:term":[{"taxonomy":"category","embeddable":true,"href":"https:\/\/derechosinfronteras.pe\/ingles\/wp-json\/wp\/v2\/categories?post=4289"},{"taxonomy":"post_tag","embeddable":true,"href":"https:\/\/derechosinfronteras.pe\/ingles\/wp-json\/wp\/v2\/tags?post=4289"}],"curies":[{"name":"wp","href":"https:\/\/api.w.org\/{rel}","templated":true}]}}