{"id":4291,"date":"2019-08-20T12:42:55","date_gmt":"2019-08-20T17:42:55","guid":{"rendered":"http:\/\/derechosinfronteras.pe\/?p=5031"},"modified":"2023-12-28T20:53:00","modified_gmt":"2023-12-29T01:53:00","slug":"pronunciamiento-urge-que-el-gobierno-atienda-las-legitimas-demandas-de-las-poblaciones-del-surandino","status":"publish","type":"post","link":"https:\/\/derechosinfronteras.pe\/ingles\/pronunciamiento-urge-que-el-gobierno-atienda-las-legitimas-demandas-de-las-poblaciones-del-surandino\/","title":{"rendered":"Pronunciamiento: Urge que el gobierno atienda las leg\u00edtimas demandas de las poblaciones del Surandino"},"content":{"rendered":"<p>&nbsp;<\/p>\n<p style=\"text-align: center;\"><strong>URGE QUE EL GOBIERNO ATIENDA LAS LEG\u00cdTIMAS DEMANDAS <\/strong><\/p>\n<p style=\"text-align: center;\"><strong>DE LAS\u00a0<\/strong><strong>POBLACIONES DEL SURANDINO<\/strong><\/p>\n<p style=\"text-align: center;\"><strong>\u00a1No a la criminalizaci\u00f3n de la protesta social!<\/strong><\/p>\n<p style=\"text-align: center;\"><strong>\u00a1Por una nueva Ley General de Miner\u00eda <\/strong><strong>con participaci\u00f3n de las poblaciones afectadas!<\/strong><\/p>\n<p>Frente a la continuidad de las leg\u00edtimas protestas de los pobladores del Valle de Tambo en Arequipa, la paralizaci\u00f3n en Moquegua, el anuncio de movilizaciones en el \u201ccorredor minero\u201d de Cusco y Apur\u00edmac, y la reciente sentencia emitida por el Juzgado Colegiado Penal de la Corte Superior de Justicia de Puno en contra del exdirigente aymara, Walter Aduviri Calisaya, los miembros de la <em>Red Muqui Sur<\/em> manifestamos a la opini\u00f3n publica lo siguiente:<\/p>\n<p>1.- La poblaci\u00f3n del Valle de Tambo lleva m\u00e1s de 30 d\u00edas de paro indefinido defendiendo sus derechos y la agricultura, de la que viven m\u00e1s de 20 mil familias. Advertimos que en este conflicto est\u00e1n escalando la represi\u00f3n y la violencia, negando lo que el mismo presidente de la Rep\u00fablica, Martin Vizcarra, ha declarado: <em>\u201cNo se pueden imponer proyectos a costa de muertos como se ha hecho en el pasado\u201d<\/em>. La militarizaci\u00f3n y la acci\u00f3n policial en el Valle de Tambo abre una puerta enorme para la vulneraci\u00f3n de derechos, por lo que <strong>llamamos a que se anule la licencia de construcci\u00f3n en el plazo inmediato y <\/strong><strong>se abra un debate nacional para discutir una nueva Ley General de Miner\u00eda<\/strong><strong> con la participaci\u00f3n de todos los actores involucrados<\/strong>.<\/p>\n<p>2.- Las protestas que hoy se extienden a nivel del sur peruano: en Moquegua por el proyecto minero Quellaveco, en Arequipa por el proyecto T\u00eda Mar\u00eda, en Cusco y Apur\u00edmac por el incumplimiento de acuerdos de parte del gobierno central y de las empresas mineras en el corredor minero, <strong>son leg\u00edtimas<\/strong>, las poblaciones y comunidades afectadas lo \u00fanico que exigen es el respeto a su territorio, medio ambiente y a sus modos de vida. Por lo que <strong>urge que el gobierno central establezca mecanismos de di\u00e1logo institucionales que garanticen el respeto a los derechos humanos de estas poblaciones<\/strong>.<\/p>\n<p>3) En relaci\u00f3n al caso del exdirigente aymara, Walter Aduviri, que fue sentenciado a seis a\u00f1os de prisi\u00f3n efectiva, m\u00e1s el pago de 2 millones de soles por el delito de disturbios en calidad de coautor no ejecutivo por los sucesos ocurridos en el conflicto socioambiental del 2011 en Puno, <strong>manifestamos nuestra preocupaci\u00f3n por el precedente jur\u00eddico negativo que genera esta sentencia para otros casos de criminalizaci\u00f3n de la protesta social que estamos acompa\u00f1ando en Puno, Cusco y Apur\u00edmac.<\/strong><\/p>\n<p>El conjunto de estos casos evidencia que el actual modelo minero en el pa\u00eds est\u00e1 desgastado, por lo que se necesita un nuevo marco jur\u00eddico que realmente regule la actividad minera y que garantice los derechos de las comunidades y poblaciones afectadas. Por ello, <strong>exhortamos que el gobierno nacional lidere y facilite un proceso para definir la nueva Ley General de Miner\u00eda<\/strong><strong> con la participaci\u00f3n de la sociedad civil y las poblaciones afectadas por las actividades mineras<\/strong>.<\/p>\n<p style=\"text-align: right;\">Puno, 16 de agosto del 2019.<\/p>\n<blockquote><p>Miembros de Muqui Sur: APRODEH, CADEP \u2013 JMA Cusco, Derechos Humanos Sin Fronteras \u2013 Cusco, Derechos Humanos y Medio Ambiente Puno, Instituto Sur Andino de Investigaci\u00f3n y Acci\u00f3n Solidaria, Instituto de Estudios de las Culturas Andinas \u2013 IDECA Puno.<\/p><\/blockquote>","protected":false},"excerpt":{"rendered":"<p>&nbsp; URGE QUE EL GOBIERNO ATIENDA LAS LEG\u00cdTIMAS DEMANDAS DE LAS\u00a0POBLACIONES DEL SURANDINO \u00a1No a la criminalizaci\u00f3n de la protesta social! \u00a1Por una nueva Ley General de Miner\u00eda con participaci\u00f3n de las poblaciones afectadas! Frente a la continuidad de las leg\u00edtimas protestas de los pobladores del Valle de Tambo en Arequipa, la paralizaci\u00f3n en Moquegua, [&hellip;]<\/p>\n","protected":false},"author":1,"featured_media":4292,"comment_status":"open","ping_status":"open","sticky":false,"template":"","format":"standard","meta":{"_monsterinsights_skip_tracking":false,"_monsterinsights_sitenote_active":false,"_monsterinsights_sitenote_note":"","_monsterinsights_sitenote_category":0,"_jetpack_memberships_contains_paid_content":false,"footnotes":"","jetpack_publicize_message":"","jetpack_publicize_feature_enabled":true,"jetpack_social_post_already_shared":false,"jetpack_social_options":{"image_generator_settings":{"template":"highway","default_image_id":0,"font":"","enabled":false},"version":2}},"categories":[1],"tags":[],"class_list":["post-4291","post","type-post","status-publish","format-standard","has-post-thumbnail","hentry","category-sin-categoria"],"blocksy_meta":[],"jetpack_publicize_connections":[],"jetpack_featured_media_url":"https:\/\/derechosinfronteras.pe\/wp-content\/uploads\/2019\/08\/paromina.jpg","jetpack_sharing_enabled":true,"jetpack_likes_enabled":true,"_links":{"self":[{"href":"https:\/\/derechosinfronteras.pe\/ingles\/wp-json\/wp\/v2\/posts\/4291","targetHints":{"allow":["GET"]}}],"collection":[{"href":"https:\/\/derechosinfronteras.pe\/ingles\/wp-json\/wp\/v2\/posts"}],"about":[{"href":"https:\/\/derechosinfronteras.pe\/ingles\/wp-json\/wp\/v2\/types\/post"}],"author":[{"embeddable":true,"href":"https:\/\/derechosinfronteras.pe\/ingles\/wp-json\/wp\/v2\/users\/1"}],"replies":[{"embeddable":true,"href":"https:\/\/derechosinfronteras.pe\/ingles\/wp-json\/wp\/v2\/comments?post=4291"}],"version-history":[{"count":2,"href":"https:\/\/derechosinfronteras.pe\/ingles\/wp-json\/wp\/v2\/posts\/4291\/revisions"}],"predecessor-version":[{"id":7085,"href":"https:\/\/derechosinfronteras.pe\/ingles\/wp-json\/wp\/v2\/posts\/4291\/revisions\/7085"}],"wp:featuredmedia":[{"embeddable":true,"href":"https:\/\/derechosinfronteras.pe\/ingles\/wp-json\/wp\/v2\/media\/4292"}],"wp:attachment":[{"href":"https:\/\/derechosinfronteras.pe\/ingles\/wp-json\/wp\/v2\/media?parent=4291"}],"wp:term":[{"taxonomy":"category","embeddable":true,"href":"https:\/\/derechosinfronteras.pe\/ingles\/wp-json\/wp\/v2\/categories?post=4291"},{"taxonomy":"post_tag","embeddable":true,"href":"https:\/\/derechosinfronteras.pe\/ingles\/wp-json\/wp\/v2\/tags?post=4291"}],"curies":[{"name":"wp","href":"https:\/\/api.w.org\/{rel}","templated":true}]}}