{"id":4293,"date":"2019-08-16T14:01:20","date_gmt":"2019-08-16T19:01:20","guid":{"rendered":"http:\/\/derechosinfronteras.pe\/?p=5027"},"modified":"2019-08-16T14:01:20","modified_gmt":"2019-08-16T19:01:20","slug":"pronunciamiento-frente-a-la-grave-crisis-nacional-refundemos-el-pais","status":"publish","type":"post","link":"https:\/\/derechosinfronteras.pe\/ingles\/pronunciamiento-frente-a-la-grave-crisis-nacional-refundemos-el-pais\/","title":{"rendered":"Pronunciamiento: Frente a la grave crisis nacional, refundemos el pa\u00eds"},"content":{"rendered":"<p>La grave crisis nacional que hoy vive nuestro pa\u00eds nos remonta a julio del 2016, cuando Fuerza Popular desconoce su derrota, y da inicio, desde el Congreso de la Rep\u00fablica, a la destrucci\u00f3n de la democracia y sus instituciones. La campa\u00f1a electoral evidenci\u00f3 los peligros de la penetraci\u00f3n del narcotr\u00e1fico en la pol\u00edtica. Posteriormente, el periodismo de investigaci\u00f3n confirmar\u00eda estos nexos, adem\u00e1s del sometimiento de los operadores de justicia a las redes de corrupci\u00f3n. As\u00ed se hizo p\u00fablica la naturaleza corrupta de buena parte de la representaci\u00f3n nacional, que opera a favor de sus m\u00e1ximos l\u00edderes comprometidos con la corrupci\u00f3n, y sus intereses particulares, v\u00eda la inmunidad parlamentaria. En este contexto, las organizaciones e instituciones abajo firmantes manifestamos a la ciudadan\u00eda lo siguiente:<\/p>\n<p><strong>1)<\/strong>\u00a0El pa\u00eds atraviesa una grave crisis pol\u00edtica, social y \u00e9tica que se manifiesta en el deterioro de las instituciones p\u00fablicas y la amenaza constante contra jueces y fiscales honestos, frente a lo cual el pueblo redobla su lucha contra la corrupci\u00f3n. Se expresa tambi\u00e9n en la permanente confrontaci\u00f3n entre el Ejecutivo y la mayor\u00eda parlamentaria; en la desnaturalizaci\u00f3n de la reforma judicial y pol\u00edtica, que mantiene el privilegio de impunidad de las y los parlamentarios.<br \/>\nAsimismo, el blindaje a personajes vinculados a la corrupci\u00f3n -como el fiscal Ch\u00e1varry-, leyes que atentan contra los derechos humanos, y la igualdad y la no discriminaci\u00f3n. La mayor expresi\u00f3n de la crisis del r\u00e9gimen pol\u00edtico es la exigencia ciudadana que demanda el cierre del Congreso y que se vayan todos. En este contexto se ubica la propuesta del Gobierno de adelanto de elecciones generales para el 2020.<\/p>\n<p><strong>2)<\/strong>\u00a0Alertamos sobre las pretensiones de las fuerzas pol\u00edticas que han capturado al Estado y se oponen a los cambios y reformas que demanda la gran mayor\u00eda de nuestro pa\u00eds. Los grandes grupos de poder econ\u00f3mico, representados en la CONFIEP, en alianza con sectores ultraconservadores y anti-derechos, tienen a uno de sus representantes directos como presidente del Congreso de la Rep\u00fablica. Esta alianza busca garantizar la impunidad de redes mafiosas, obstruir y desviar las investigaciones del Ministerio P\u00fablico, vacar al presidente de la Rep\u00fablica y, finalmente, copar todos los poderes p\u00fablicos. Por ello advertimos que un proyecto autoritario acecha a nuestra democracia y sus instituciones.<\/p>\n<p><strong>3)<\/strong>\u00a0La actual crisis debe ser una oportunidad para resolver los problemas de fondo que comprometen la calidad de vida y la condici\u00f3n ciudadana de las y los peruanos. En este sentido el gobierno, y la transici\u00f3n que se abre con el adelanto de las elecciones, debe generar un mecanismo de di\u00e1logo y participaci\u00f3n ciudadana, orientada a tratar al m\u00e1s alto nivel las demandas pendientes y propuestas surgidas en los diversos conflictos socio-ambientales en la Amazon\u00eda, Cajamarca, en el corredor minero, y sobre todo, el conflicto del valle de El Tambo (T\u00eda Mar\u00eda). Los cuestionamientos al \u201cPlan de competitividad y productividad\u201d, y los intentos de privatizaci\u00f3n de SEDAPAL. Igualmente urge acelerar la reconstrucci\u00f3n del norte; la implementaci\u00f3n efectiva del acceso a servicios de salud. Una profunda reforma del sistema de justicia libre de corrupci\u00f3n, de impunidad y de estereotipos de g\u00e9nero, que sancione a criminales, agresores y feminicidas que han arrebatado la vida de m\u00e1s de 100 ni\u00f1as y mujeres en lo que va del a\u00f1o.<\/p>\n<p><strong>4)<\/strong>\u00a0La convocatoria a elecciones generales debe realizarse aplicando nuevas reglas de juego: inscripci\u00f3n de nuevos partidos; elecciones primarias, abiertas, simult\u00e1neas y obligatorias; con paridad y alternancia; penalizaci\u00f3n del financiamiento il\u00edcito; impedimento para postular a quienes tengan sentencia en primera instancia y condenas por violencia de g\u00e9nero y deudores alimentarios. Elecciones sin cambios en las reglas, no garantizan la renovaci\u00f3n de la pol\u00edtica ni la recuperaci\u00f3n de la confianza ciudadana sobre el r\u00e9gimen y las instituciones democr\u00e1ticas.<\/p>\n<p><strong>5)<\/strong>\u00a0Frente a la crisis hacemos un llamado a construir la m\u00e1s amplia unidad ciudadana, que convoca al conjunto de fuerzas democr\u00e1ticas, descentralistas y \u00e9ticas para articular una agenda y ratificar, a trav\u00e9s del refer\u00e9ndum, la reforma constitucional que debe ser aprobada por el Congreso. De no ser as\u00ed, el Primer Ministro debeplantear la \u201ccuesti\u00f3n de confianza\u201d, y, de ser negada, proceder\u00e1 el cierre del Congreso, como se establece en los art\u00edculos 133 y 134 de la Constituci\u00f3n Pol\u00edtica.<\/p>\n<p><strong>6)<\/strong>\u00a0Por lo se\u00f1alado, convocamos a desarrollar una amplia movilizaci\u00f3n democr\u00e1tica, unitaria y pac\u00edfica a nivel nacional. La participaci\u00f3n ciudadana es fundamental para hacer de la actual crisis una oportunidad para refundar nuestro pa\u00eds. Urge un nuevo contrato social para la construcci\u00f3n de una sociedad justa y democr\u00e1tica, y el desarrollo de una econom\u00eda al servicio de las personas.<\/p>\n<p>Las y los peruanos asumimos la necesidad y el reto de construir una verdadera Rep\u00fablica que garantice bienestar a toda la ciudadan\u00eda, sin privilegios ni discriminaciones; con libertades plenas; con paz y justicia social y ecol\u00f3gica; con empleo y trabajo digno; con igualdad de g\u00e9nero; y con educaci\u00f3n y salud de calidad para todas y todos. La refundaci\u00f3n del pa\u00eds nos convoca a todas y todos.<\/p>\n<p>Apostemos por un Per\u00fa con igualdad, justicia y libre de violencias y corrupci\u00f3n.<\/p>\n<p style=\"text-align: right;\">Per\u00fa, 14 de agosto de 2019<\/p>\n<h2><\/h2>\n<p><strong>ADHESIONES:<\/strong><\/p>\n<ul>\n<li>Asociaci\u00f3n Nacional de Centros de Investigaci\u00f3n, Promoci\u00f3n Social y Desarrollo \u2013 ANC<\/li>\n<li>Coordinadora Nacional de Derechos Humanos \u2013 CNDDHH<\/li>\n<li>Asociaci\u00f3n Nacional de Periodistas del Per\u00fa \u2013 ANP<\/li>\n<li>Asamblea Nacional de los Pueblos \u2013 ANP<\/li>\n<li>Confederaci\u00f3n General de Trabajadores del Per\u00fa \u2013 CGTP<\/li>\n<li>Centro de la Mujer Peruana Flora Trist\u00e1n<\/li>\n<li>Central Unitaria de Trabajadores del Per\u00fa \u2013 CUT Per\u00fa<\/li>\n<li>Grupo Propuesta Ciudadana<\/li>\n<li>Comit\u00e9 Ciudadano por el Per\u00fa<\/li>\n<li>Colegio de Soci\u00f3logos del Per\u00fa<\/li>\n<li>Fomento de la Vida \u2013 FOVIDA<\/li>\n<li>Grupo de Mujeres Diversas<\/li>\n<li>CODEH ILO, Regi\u00f3n Moquegua<\/li>\n<li>CLADEM Per\u00fa<\/li>\n<li>Servicio Educativo para el Desarrollo y la Solidaridad \u2013 SEDYS, Regi\u00f3n La Libertad<\/li>\n<li>Foro Salud<\/li>\n<li>Centro de Desarrollo \u00c9tnico \u2013 CEDET<\/li>\n<li>Centro Amaz\u00f3nico de Antropolog\u00eda y Aplicaci\u00f3n Pr\u00e1ctica \u2013 CAAAP<\/li>\n<li>CooperAcci\u00f3n<\/li>\n<li>DEMUS \u2013 Estudio para la Defensa de los Derechos de la Mujer<\/li>\n<li>Asociaci\u00f3n por la Vida y la Dignidad Humana \u2013 APORVIDHA, Regi\u00f3n Cusco<\/li>\n<li>Instituto Sur Andino de derechos humanos \u2013 ISADH, Regi\u00f3n Puno<\/li>\n<li>Fundaci\u00f3n Ecum\u00e9nica para el Desarrollo y La Paz \u2013 FEDEPAZ<\/li>\n<li>Servicios Educativos Rurales \u2013 SER<\/li>\n<li>Forum Solidaridad Per\u00fa<\/li>\n<li>Grupo de Trabajo Contra la Corrupci\u00f3n \u2013 GTCC<\/li>\n<li>Vicar\u00eda de la Solidaridad de Ja\u00e9n, Regi\u00f3n Cajamarca<\/li>\n<li>Instituto RUNA<\/li>\n<li>EarthRights International<\/li>\n<li>Paro Internacional de Mujeres Per\u00fa<\/li>\n<li>RED MUQUI Per\u00fa<\/li>\n<li>Movimiento Manuela Ramos<\/li>\n<li>Movimiento Jatarishun, Regi\u00f3n Hu\u00e1nuco<\/li>\n<li>Centro de Promoci\u00f3n de la Mujer \u201cMicaela Bastidas\u201d, Regi\u00f3n La Libertad<\/li>\n<li>Frente Callao Dignidad, Regi\u00f3n Callao<\/li>\n<li>Marcha Mundial de las Mujeres<\/li>\n<li>Instituto de Defensa Legal \u2013 IDL<\/li>\n<li>Ni una menos, Tocan a una tocan a todas<\/li>\n<li>Asociaci\u00f3n Regional de ONGs de La Libertad \u2013 AROLIB, Regi\u00f3n La Libertad<\/li>\n<li>Colectivo Sonqo Warmi, Regi\u00f3n Cusco<\/li>\n<li>Awqa Warmi, Regi\u00f3n Puno<\/li>\n<li>Federaci\u00f3n Nacional de Mujeres Campesinas, Ind\u00edgenas, Nativas y Asalariadas de Per\u00fa \u2013 FENMUCARINAP<\/li>\n<li>Colectivo por la Igualdad de G\u00e9nero, Regi\u00f3n Piura<\/li>\n<li>Asociaci\u00f3n Humanidad Libre, Regi\u00f3n Arequipa<\/li>\n<li>Colectivo Uniones Per\u00fa<\/li>\n<li>Wambla Wanka<\/li>\n<li>Las Karahuayllas<\/li>\n<li>Grufides, Regi\u00f3n Cajamarca<\/li>\n<li>Comisi\u00f3n de Justicia Social de Chimbote (CJS), Regi\u00f3n Ancash<\/li>\n<li>Movimiento Homosexual de Lima \u2013 MHOL<\/li>\n<li>Derechos Humanos Sin Fronteras \u2013 DHSF, Regi\u00f3n Cusco<\/li>\n<li>Servicios educativos, promoci\u00f3n y apoyo rural \u2013 SEPAR<\/li>\n<li>Asociaci\u00f3n ARARIWA<\/li>\n<li>Centro de Promoci\u00f3n y Desarrollo Poblacional \u2013 CEPRODEP<\/li>\n<li>Asociaci\u00f3n CALANDRIA<\/li>\n<li>Centro de Desarrollo Andino SISAY<\/li>\n<li>Asociaci\u00f3n Civil JAPIQAY, Memoria y Ciudadan\u00eda<\/li>\n<li>Centro de Educaci\u00f3n y Comunicaci\u00f3n ILLA<\/li>\n<li>Grupo Impulsor de CONADES JUVENIL<\/li>\n<\/ul>\n<p>Contin\u00faan adhesiones\u2026.<\/p>","protected":false},"excerpt":{"rendered":"<p>La grave crisis nacional que hoy vive nuestro pa\u00eds nos remonta a julio del 2016, cuando Fuerza Popular desconoce su derrota, y da inicio, desde el Congreso de la Rep\u00fablica, a la destrucci\u00f3n de la democracia y sus instituciones. La campa\u00f1a electoral evidenci\u00f3 los peligros de la penetraci\u00f3n del narcotr\u00e1fico en la pol\u00edtica. Posteriormente, el [&hellip;]<\/p>\n","protected":false},"author":1,"featured_media":4294,"comment_status":"open","ping_status":"open","sticky":false,"template":"","format":"standard","meta":{"_monsterinsights_skip_tracking":false,"_monsterinsights_sitenote_active":false,"_monsterinsights_sitenote_note":"","_monsterinsights_sitenote_category":0,"_jetpack_memberships_contains_paid_content":false,"footnotes":"","jetpack_publicize_message":"","jetpack_publicize_feature_enabled":true,"jetpack_social_post_already_shared":false,"jetpack_social_options":{"image_generator_settings":{"template":"highway","default_image_id":0,"font":"","enabled":false},"version":2}},"categories":[1],"tags":[],"class_list":["post-4293","post","type-post","status-publish","format-standard","has-post-thumbnail","hentry","category-sin-categoria"],"blocksy_meta":[],"jetpack_publicize_connections":[],"jetpack_featured_media_url":"https:\/\/derechosinfronteras.pe\/wp-content\/uploads\/2019\/08\/Crisis.png","jetpack_sharing_enabled":true,"jetpack_likes_enabled":true,"_links":{"self":[{"href":"https:\/\/derechosinfronteras.pe\/ingles\/wp-json\/wp\/v2\/posts\/4293","targetHints":{"allow":["GET"]}}],"collection":[{"href":"https:\/\/derechosinfronteras.pe\/ingles\/wp-json\/wp\/v2\/posts"}],"about":[{"href":"https:\/\/derechosinfronteras.pe\/ingles\/wp-json\/wp\/v2\/types\/post"}],"author":[{"embeddable":true,"href":"https:\/\/derechosinfronteras.pe\/ingles\/wp-json\/wp\/v2\/users\/1"}],"replies":[{"embeddable":true,"href":"https:\/\/derechosinfronteras.pe\/ingles\/wp-json\/wp\/v2\/comments?post=4293"}],"version-history":[{"count":0,"href":"https:\/\/derechosinfronteras.pe\/ingles\/wp-json\/wp\/v2\/posts\/4293\/revisions"}],"wp:featuredmedia":[{"embeddable":true,"href":"https:\/\/derechosinfronteras.pe\/ingles\/wp-json\/wp\/v2\/media\/4294"}],"wp:attachment":[{"href":"https:\/\/derechosinfronteras.pe\/ingles\/wp-json\/wp\/v2\/media?parent=4293"}],"wp:term":[{"taxonomy":"category","embeddable":true,"href":"https:\/\/derechosinfronteras.pe\/ingles\/wp-json\/wp\/v2\/categories?post=4293"},{"taxonomy":"post_tag","embeddable":true,"href":"https:\/\/derechosinfronteras.pe\/ingles\/wp-json\/wp\/v2\/tags?post=4293"}],"curies":[{"name":"wp","href":"https:\/\/api.w.org\/{rel}","templated":true}]}}