{"id":4295,"date":"2019-08-14T16:18:35","date_gmt":"2019-08-14T21:18:35","guid":{"rendered":"http:\/\/derechosinfronteras.pe\/?p=5020"},"modified":"2019-08-14T16:18:35","modified_gmt":"2019-08-14T21:18:35","slug":"cusco-concesion-minera-en-el-valle-sagrado-de-los-incas","status":"publish","type":"post","link":"https:\/\/derechosinfronteras.pe\/ingles\/cusco-concesion-minera-en-el-valle-sagrado-de-los-incas\/","title":{"rendered":"Cusco: concesi\u00f3n minera en el Valle Sagrado de los Incas"},"content":{"rendered":"<blockquote><p>Un nuevo conflicto socioambiental surge en el ciudad imperial, esta vez se trata del distrito cusque\u00f1o de Pisac, reconocido por sus atractivos tur\u00edsticos y por formar parte del Valle Sagrado de los Incas.<\/p><\/blockquote>\n<p>El pasado 12 de agosto, comuneros de Pampallacta (Pisac-Cusco) llegaron hasta las instalaciones del Gobierno Regional para protestar en contra de la autorizaci\u00f3n de concesi\u00f3n minera a la compa\u00f1\u00eda Huallata, quien ya tendr\u00eda autorizaci\u00f3n para extraer plata en cabecera de cuenca.<\/p>\n<p>Son 12 las comunidades &#8211; de Pisac y Lamay- que se han articulado para denunciar que la\u00a0concesi\u00f3n se ha autorizado sin consentimiento ni consulta previa con las zonas de influencia directa ni indirecta.<\/p>\n<p>El presidente de la comisi\u00f3n de regantes de 12 comunidades campesinas, Pascual Chipa, alert\u00f3 que la actividad minera perjudicar\u00e1 a m\u00e1s de 4 mil 500 agricultores y artesanos; ellos temen por la contaminaci\u00f3n a su cabecera de cuenca y a las tres lagunas que se encuentran alrededor de la comunidad de Pampallacta, incluso estar\u00eda en riesgo el r\u00edo Vilcanota.<\/p>\n<p>Los dirigentes comunales dieron un plazo de 20 d\u00edas para anular esta concesi\u00f3n, caso contrario estar\u00edan bloqueando el puente de Pisac y toda la actividad tur\u00edstica en el Valle Sagrado.<\/p>\n<p><iframe style=\"border: none; overflow: hidden;\" src=\"https:\/\/www.facebook.com\/plugins\/video.php?href=https%3A%2F%2Fwww.facebook.com%2Fmaria.b.berglund.3%2Fvideos%2F10157152312130743%2F&amp;show_text=0&amp;width=560\" width=\"560\" height=\"315\" frameborder=\"0\" scrolling=\"no\" allowfullscreen=\"allowfullscreen\"><\/iframe><\/p>","protected":false},"excerpt":{"rendered":"<p>Un nuevo conflicto socioambiental surge en el ciudad imperial, esta vez se trata del distrito cusque\u00f1o de Pisac, reconocido por sus atractivos tur\u00edsticos y por formar parte del Valle Sagrado de los Incas. El pasado 12 de agosto, comuneros de Pampallacta (Pisac-Cusco) llegaron hasta las instalaciones del Gobierno Regional para protestar en contra de la [&hellip;]<\/p>\n","protected":false},"author":1,"featured_media":4296,"comment_status":"open","ping_status":"open","sticky":false,"template":"","format":"standard","meta":{"_monsterinsights_skip_tracking":false,"_monsterinsights_sitenote_active":false,"_monsterinsights_sitenote_note":"","_monsterinsights_sitenote_category":0,"_jetpack_memberships_contains_paid_content":false,"footnotes":"","jetpack_publicize_message":"","jetpack_publicize_feature_enabled":true,"jetpack_social_post_already_shared":false,"jetpack_social_options":{"image_generator_settings":{"template":"highway","default_image_id":0,"font":"","enabled":false},"version":2}},"categories":[1],"tags":[],"class_list":["post-4295","post","type-post","status-publish","format-standard","has-post-thumbnail","hentry","category-sin-categoria"],"blocksy_meta":[],"jetpack_publicize_connections":[],"jetpack_featured_media_url":"https:\/\/derechosinfronteras.pe\/wp-content\/uploads\/2019\/08\/Pisac.jpg","jetpack_sharing_enabled":true,"jetpack_likes_enabled":true,"_links":{"self":[{"href":"https:\/\/derechosinfronteras.pe\/ingles\/wp-json\/wp\/v2\/posts\/4295","targetHints":{"allow":["GET"]}}],"collection":[{"href":"https:\/\/derechosinfronteras.pe\/ingles\/wp-json\/wp\/v2\/posts"}],"about":[{"href":"https:\/\/derechosinfronteras.pe\/ingles\/wp-json\/wp\/v2\/types\/post"}],"author":[{"embeddable":true,"href":"https:\/\/derechosinfronteras.pe\/ingles\/wp-json\/wp\/v2\/users\/1"}],"replies":[{"embeddable":true,"href":"https:\/\/derechosinfronteras.pe\/ingles\/wp-json\/wp\/v2\/comments?post=4295"}],"version-history":[{"count":0,"href":"https:\/\/derechosinfronteras.pe\/ingles\/wp-json\/wp\/v2\/posts\/4295\/revisions"}],"wp:featuredmedia":[{"embeddable":true,"href":"https:\/\/derechosinfronteras.pe\/ingles\/wp-json\/wp\/v2\/media\/4296"}],"wp:attachment":[{"href":"https:\/\/derechosinfronteras.pe\/ingles\/wp-json\/wp\/v2\/media?parent=4295"}],"wp:term":[{"taxonomy":"category","embeddable":true,"href":"https:\/\/derechosinfronteras.pe\/ingles\/wp-json\/wp\/v2\/categories?post=4295"},{"taxonomy":"post_tag","embeddable":true,"href":"https:\/\/derechosinfronteras.pe\/ingles\/wp-json\/wp\/v2\/tags?post=4295"}],"curies":[{"name":"wp","href":"https:\/\/api.w.org\/{rel}","templated":true}]}}