{"id":4297,"date":"2019-08-14T13:20:38","date_gmt":"2019-08-14T18:20:38","guid":{"rendered":"http:\/\/derechosinfronteras.pe\/?p=5015"},"modified":"2019-08-14T13:20:38","modified_gmt":"2019-08-14T18:20:38","slug":"anuncian-paro-indefinido-en-el-corredor-minero-del-sur","status":"publish","type":"post","link":"https:\/\/derechosinfronteras.pe\/ingles\/anuncian-paro-indefinido-en-el-corredor-minero-del-sur\/","title":{"rendered":"Anuncian paro indefinido en el corredor minero del sur"},"content":{"rendered":"<p>14 de agosto. La Federaci\u00f3n Interprovincial de Defensa Territorial y Ambiental de las provincias de Cotabambas, Chumbivilcas, Paruro, Espinar y Grau (FIDTA-CCHEPG), la FARTAC y la FDDC anunciaron en una conferencia que desde ma\u00f1ana iniciaran un paro indefinido en contra de todas las empresas mineras que hacen uso del corredor minero del sur que atraviesa los territorios de Cusco y Apur\u00edmac. Cabe se\u00f1alar que las medidas de protestas ser\u00e1n escalonadas seg\u00fan lo organice cada comunidad o provincia.<\/p>\n<p>El presidente de la FIDTA \u2013 CCHEPG anunci\u00f3 que el pasado 07 de agosto, le hicieron llegar al Presidente de la Rep\u00fablica, Mart\u00edn Vizcarra, un documento en el que cual dan por sentadas sus demandas, que no solo involucran a las empresas mineras, sino tambi\u00e9n al Estado. Dicho documento fue firmado por organizaciones sociales de base, Rondas Campesinas, Frentes de Defensa, Comunidades Campesinas, Organizaciones de mujeres y organizaciones juveniles de las provincias que pertenecen a la Federaci\u00f3n.<\/p>\n<p>Adem\u00e1s, reafirmaron su plataforma de lucha, cuyas agendas han sido pactadas semanas atr\u00e1s: Implementaci\u00f3n de consulta previa y consentimiento, reconocimiento legal de monitoreos ambientales realizados por las propias comunidades, que se sancione a los jueves y fiscales que promueven la criminalizaci\u00f3n de dirigentes y eliminaci\u00f3n de convenios entre la PNP y empresas mineras.<\/p>\n<p>Otro punto importante en sus pedidos es el archivamiento de las denuncias en contra de lideresas y dirigentes procesados en conflictos sociales, la modificatoria del art\u00edculo 200 del C\u00f3digo Penal, el cual se\u00f1ala que se puede procesar a dirigentes por el delito de extorsi\u00f3n, adem\u00e1s de la derogatoria de otras leyes que permiten la criminalizaci\u00f3n de la protesta social.<\/p>\n<p><iframe src=\"https:\/\/www.facebook.com\/plugins\/video.php?href=https%3A%2F%2Fwww.facebook.com%2Fderechossinfronteras.pe%2Fvideos%2F2118367258470236%2F&#038;show_text=0&#038;width=560\" width=\"560\" height=\"315\" style=\"border:none;overflow:hidden\" scrolling=\"no\" frameborder=\"0\" allowtransparency=\"true\" allowfullscreen=\"true\"><\/iframe>&nbsp;<\/p>","protected":false},"excerpt":{"rendered":"<p>14 de agosto. La Federaci\u00f3n Interprovincial de Defensa Territorial y Ambiental de las provincias de Cotabambas, Chumbivilcas, Paruro, Espinar y Grau (FIDTA-CCHEPG), la FARTAC y la FDDC anunciaron en una conferencia que desde ma\u00f1ana iniciaran un paro indefinido en contra de todas las empresas mineras que hacen uso del corredor minero del sur que atraviesa [&hellip;]<\/p>\n","protected":false},"author":1,"featured_media":4298,"comment_status":"open","ping_status":"open","sticky":false,"template":"","format":"standard","meta":{"_monsterinsights_skip_tracking":false,"_monsterinsights_sitenote_active":false,"_monsterinsights_sitenote_note":"","_monsterinsights_sitenote_category":0,"_jetpack_memberships_contains_paid_content":false,"footnotes":"","jetpack_publicize_message":"","jetpack_publicize_feature_enabled":true,"jetpack_social_post_already_shared":false,"jetpack_social_options":{"image_generator_settings":{"template":"highway","default_image_id":0,"font":"","enabled":false},"version":2}},"categories":[1],"tags":[],"class_list":["post-4297","post","type-post","status-publish","format-standard","has-post-thumbnail","hentry","category-sin-categoria"],"blocksy_meta":[],"jetpack_publicize_connections":[],"jetpack_featured_media_url":"https:\/\/derechosinfronteras.pe\/wp-content\/uploads\/2019\/08\/FIDTACCHEP.jpg","jetpack_sharing_enabled":true,"jetpack_likes_enabled":true,"_links":{"self":[{"href":"https:\/\/derechosinfronteras.pe\/ingles\/wp-json\/wp\/v2\/posts\/4297","targetHints":{"allow":["GET"]}}],"collection":[{"href":"https:\/\/derechosinfronteras.pe\/ingles\/wp-json\/wp\/v2\/posts"}],"about":[{"href":"https:\/\/derechosinfronteras.pe\/ingles\/wp-json\/wp\/v2\/types\/post"}],"author":[{"embeddable":true,"href":"https:\/\/derechosinfronteras.pe\/ingles\/wp-json\/wp\/v2\/users\/1"}],"replies":[{"embeddable":true,"href":"https:\/\/derechosinfronteras.pe\/ingles\/wp-json\/wp\/v2\/comments?post=4297"}],"version-history":[{"count":0,"href":"https:\/\/derechosinfronteras.pe\/ingles\/wp-json\/wp\/v2\/posts\/4297\/revisions"}],"wp:featuredmedia":[{"embeddable":true,"href":"https:\/\/derechosinfronteras.pe\/ingles\/wp-json\/wp\/v2\/media\/4298"}],"wp:attachment":[{"href":"https:\/\/derechosinfronteras.pe\/ingles\/wp-json\/wp\/v2\/media?parent=4297"}],"wp:term":[{"taxonomy":"category","embeddable":true,"href":"https:\/\/derechosinfronteras.pe\/ingles\/wp-json\/wp\/v2\/categories?post=4297"},{"taxonomy":"post_tag","embeddable":true,"href":"https:\/\/derechosinfronteras.pe\/ingles\/wp-json\/wp\/v2\/tags?post=4297"}],"curies":[{"name":"wp","href":"https:\/\/api.w.org\/{rel}","templated":true}]}}