{"id":4299,"date":"2019-08-09T17:02:30","date_gmt":"2019-08-09T22:02:30","guid":{"rendered":"http:\/\/derechosinfronteras.pe\/?p=5011"},"modified":"2019-08-09T17:02:30","modified_gmt":"2019-08-09T22:02:30","slug":"espinar-comunidad-campesina-paraliza-operaciones-de-antapaccay","status":"publish","type":"post","link":"https:\/\/derechosinfronteras.pe\/ingles\/espinar-comunidad-campesina-paraliza-operaciones-de-antapaccay\/","title":{"rendered":"Espinar: Comunidad campesina paraliza operaciones de Antapaccay"},"content":{"rendered":"<p>09 de agosto. Desde ayer, la comunidad originaria de Alto Huarca (Espinar-Cusco) realiz\u00f3 protestas en contra de la empresa minera Glencore Antapaccay, debido a que la compa\u00f1\u00eda no estar\u00eda cumplimiento con los compromisos de responsabilidad social y respeto al medio ambiente.<\/p>\n<p>No es la primera vez que las y los comuneros realizan este tipo de manifestaciones, sin embargo, esta vez decidieron \u00a0llegar hasta uno de los tajos y lograron paralizar las operaciones mineras.<\/p>\n<p>Cabe se\u00f1alar, que la comunidad ha solicitado reiteradas veces reunirse con el gerente general de Antappacay, pero dicha reuni\u00f3n nunca se ha concretado. Seg\u00fan lo denunci\u00f3 el periodista espinarense, Vidal Merma, desde sus redes sociales, la comunidad exige la urgente atenci\u00f3n de mitigaci\u00f3n ambiental generada por las operaciones mineras.<\/p>\n<p>Seg\u00fan Merma, la comunidad continua hasta hoy protestando, pues los funcionarios de la empresa no han pactado a\u00fan ning\u00fan espacio de di\u00e1logo.<\/p>\n<p>&nbsp;<\/p>","protected":false},"excerpt":{"rendered":"<p>09 de agosto. Desde ayer, la comunidad originaria de Alto Huarca (Espinar-Cusco) realiz\u00f3 protestas en contra de la empresa minera Glencore Antapaccay, debido a que la compa\u00f1\u00eda no estar\u00eda cumplimiento con los compromisos de responsabilidad social y respeto al medio ambiente. No es la primera vez que las y los comuneros realizan este tipo de [&hellip;]<\/p>\n","protected":false},"author":1,"featured_media":4300,"comment_status":"open","ping_status":"open","sticky":false,"template":"","format":"standard","meta":{"_monsterinsights_skip_tracking":false,"_monsterinsights_sitenote_active":false,"_monsterinsights_sitenote_note":"","_monsterinsights_sitenote_category":0,"_jetpack_memberships_contains_paid_content":false,"footnotes":"","jetpack_publicize_message":"","jetpack_publicize_feature_enabled":true,"jetpack_social_post_already_shared":false,"jetpack_social_options":{"image_generator_settings":{"template":"highway","default_image_id":0,"font":"","enabled":false},"version":2}},"categories":[1],"tags":[],"class_list":["post-4299","post","type-post","status-publish","format-standard","has-post-thumbnail","hentry","category-sin-categoria"],"blocksy_meta":[],"jetpack_publicize_connections":[],"jetpack_featured_media_url":"https:\/\/derechosinfronteras.pe\/wp-content\/uploads\/2019\/08\/Alto-Huarca.jpg","jetpack_sharing_enabled":true,"jetpack_likes_enabled":true,"_links":{"self":[{"href":"https:\/\/derechosinfronteras.pe\/ingles\/wp-json\/wp\/v2\/posts\/4299","targetHints":{"allow":["GET"]}}],"collection":[{"href":"https:\/\/derechosinfronteras.pe\/ingles\/wp-json\/wp\/v2\/posts"}],"about":[{"href":"https:\/\/derechosinfronteras.pe\/ingles\/wp-json\/wp\/v2\/types\/post"}],"author":[{"embeddable":true,"href":"https:\/\/derechosinfronteras.pe\/ingles\/wp-json\/wp\/v2\/users\/1"}],"replies":[{"embeddable":true,"href":"https:\/\/derechosinfronteras.pe\/ingles\/wp-json\/wp\/v2\/comments?post=4299"}],"version-history":[{"count":0,"href":"https:\/\/derechosinfronteras.pe\/ingles\/wp-json\/wp\/v2\/posts\/4299\/revisions"}],"wp:featuredmedia":[{"embeddable":true,"href":"https:\/\/derechosinfronteras.pe\/ingles\/wp-json\/wp\/v2\/media\/4300"}],"wp:attachment":[{"href":"https:\/\/derechosinfronteras.pe\/ingles\/wp-json\/wp\/v2\/media?parent=4299"}],"wp:term":[{"taxonomy":"category","embeddable":true,"href":"https:\/\/derechosinfronteras.pe\/ingles\/wp-json\/wp\/v2\/categories?post=4299"},{"taxonomy":"post_tag","embeddable":true,"href":"https:\/\/derechosinfronteras.pe\/ingles\/wp-json\/wp\/v2\/tags?post=4299"}],"curies":[{"name":"wp","href":"https:\/\/api.w.org\/{rel}","templated":true}]}}