{"id":4301,"date":"2019-08-08T13:55:19","date_gmt":"2019-08-08T18:55:19","guid":{"rendered":"http:\/\/derechosinfronteras.pe\/?p=5006"},"modified":"2023-12-28T20:53:08","modified_gmt":"2023-12-29T01:53:08","slug":"cusco-comunidad-denuncia-contaminacion-con-metales-de-cuatro-rios-y-dos-lagunas","status":"publish","type":"post","link":"https:\/\/derechosinfronteras.pe\/ingles\/cusco-comunidad-denuncia-contaminacion-con-metales-de-cuatro-rios-y-dos-lagunas\/","title":{"rendered":"Cusco: comunidad denuncia contaminaci\u00f3n con metales de cuatro r\u00edos y dos lagunas"},"content":{"rendered":"<p>Se trata de la\u00a0<strong>comunidad de Pumallacta<\/strong>, ubicada en el distrito de Qui\u00f1ota, Chumbivilcas en\u00a0<strong>Cusco<\/strong>, que denunci\u00f3 que la\u00a0<strong>minera Anabi S.A.C.<\/strong>\u00a0ha contaminado al menos cuatro r\u00edos y dos lagunas. Para comprobarlo, un grupo de afectados lleg\u00f3 a Arequipa, donde coste\u00f3 con su propio dinero un estudio para que revise las aguas presuntamente contaminadas.<span id=\"more-90464\"><\/span><\/p>\n<p>As\u00ed lo dio a conocer un reportaje publicado por el portal period\u00edstico\u00a0<strong>El B\u00faho<\/strong>\u00a0de Arequipa. En su publicaci\u00f3n menciona que los afluentes Chacchani, Ywarmayo, Mistyoscomayo, Asnayoucco, y las lagunas Ankas Cocha y Pistoro Cocha, esta \u00faltima ubicada bajo el campamento minero, est\u00e1n expuestas al polvo y los relaves mineros que se filtran, generando una contaminaci\u00f3n en cadena.<\/p>\n<h3><strong>El estudio de las aguas<\/strong><\/h3>\n<p>En junio se recogieron\u00a0<strong>seis muestras de un litro de los r\u00edos y lagunas contaminadas<\/strong>y los resultados generan preocupaci\u00f3n.<\/p>\n<p>En el caso del\u00a0<strong>aluminio<\/strong>, este oscila entre 8 y 50 veces m\u00e1s que los valores recomendados.<\/p>\n<p>La muestra de\u00a0<strong>hierro<\/strong>\u00a0representa entre 9 y 112 veces m\u00e1s de lo normal.<\/p>\n<p>En el caso del\u00a0<strong>ars\u00e9nico<\/strong>, la muestra recogida oscila entre 0,0261 y 0,7256 mg\/l cuando lo normal es de 0,15 mg\/l.<\/p>\n<h3><strong>No es la primera vez<\/strong><\/h3>\n<p>La comunidad denunciar\u00e1 a la empresa con las pruebas obtenidas por el laboratorio, sin embargo ya existir\u00edan antecedentes por parte de la empresa.<\/p>\n<p>El\u00a0<strong>Organismo de Evaluaci\u00f3n y Fiscalizaci\u00f3n Ambiental (OEFA)<\/strong>\u00a0orden\u00f3 a Anabi S.A.C. detener sus actividades en mayo de 2017, porque la ubicaci\u00f3n de la planta hab\u00eda puesto en riesgo la quebrada Huayllani.<\/p>\n<p>En agosto de 2018, el OEFA, mediante una medida administrativa, orden\u00f3 a Anabi S.A.C. la evacuaci\u00f3n inmediata del agua cianurada de sus pozas de operaciones en Qui\u00f1ota y Haquira, debido a unas grietas encontradas en el sistema de impermeabilizaci\u00f3n de la lixiviaci\u00f3n, cuya rotura filtrar\u00eda relaves a las aguas subterr\u00e1neas.<\/p>\n<h3><strong>Exigen que se vayan<\/strong><\/h3>\n<p><strong>El conflicto inici\u00f3 en el 2011<\/strong>, y la comunidad fue acusada de incendiar el campamento minero en ese a\u00f1o. En el 2016, se produjo otro incendio que destruy\u00f3 cinco pabellones de la planta.<\/p>\n<p>En el 2019, alrededor de 300 comuneros tomaron las instalaciones de Anabi S.A.C. por lo que 120 polic\u00edas intervinieron para recuperar la minera.<\/p>\n<p>El 26 de abril inici\u00f3 el juicio oral contra 10 dirigentes por las primeras protestas. El Ministerio P\u00fablico los acusa de secuestro, robo agravado, disturbios, da\u00f1os a la propiedad y otros delitos.<\/p>\n<p>\u201cTenemos oveja, vaca, llama. Sembramos papa, ma\u00edz, quinua, olluco, trigo, cebada. De eso vivimos. Este a\u00f1o ya no ha dado, por gusto se llama la tierra de papas nativas. Las papas salen chiquitas. Los animales pre\u00f1ados abortan porque comen de la polvareda. Enfermedades hay para ni\u00f1os, granos medios raros nos salen en los brazos, como sarna. El cuerpo escuece\u201d, cuenta Mercedes Cahuana Huaman\u00ed.<\/p>\n<p>Seg\u00fan el portal period\u00edstico, los comuneros de Pumallacta llegaron hasta Arequipa debido al conflicto minero por T\u00eda Mar\u00eda. Ellos piden unidad con los agricultores del Valle de Tambo para que los ayuden a detener la actividad minera en su comunidad.<\/p>\n<p style=\"text-align: right;\">Fuente: Wayka \/ El B\u00faho \/ Radio Cutival\u00fa<\/p>\n<p>&nbsp;<\/p>","protected":false},"excerpt":{"rendered":"<p>Se trata de la\u00a0comunidad de Pumallacta, ubicada en el distrito de Qui\u00f1ota, Chumbivilcas en\u00a0Cusco, que denunci\u00f3 que la\u00a0minera Anabi S.A.C.\u00a0ha contaminado al menos cuatro r\u00edos y dos lagunas. Para comprobarlo, un grupo de afectados lleg\u00f3 a Arequipa, donde coste\u00f3 con su propio dinero un estudio para que revise las aguas presuntamente contaminadas. As\u00ed lo dio [&hellip;]<\/p>\n","protected":false},"author":1,"featured_media":4302,"comment_status":"open","ping_status":"open","sticky":false,"template":"","format":"standard","meta":{"_monsterinsights_skip_tracking":false,"_monsterinsights_sitenote_active":false,"_monsterinsights_sitenote_note":"","_monsterinsights_sitenote_category":0,"_jetpack_memberships_contains_paid_content":false,"footnotes":"","jetpack_publicize_message":"","jetpack_publicize_feature_enabled":true,"jetpack_social_post_already_shared":false,"jetpack_social_options":{"image_generator_settings":{"template":"highway","default_image_id":0,"font":"","enabled":false},"version":2}},"categories":[1],"tags":[],"class_list":["post-4301","post","type-post","status-publish","format-standard","has-post-thumbnail","hentry","category-sin-categoria"],"blocksy_meta":[],"jetpack_publicize_connections":[],"jetpack_featured_media_url":"https:\/\/derechosinfronteras.pe\/wp-content\/uploads\/2019\/08\/contaminacion_chumbivilcas_cusco-696x522-1.jpg","jetpack_sharing_enabled":true,"jetpack_likes_enabled":true,"_links":{"self":[{"href":"https:\/\/derechosinfronteras.pe\/ingles\/wp-json\/wp\/v2\/posts\/4301","targetHints":{"allow":["GET"]}}],"collection":[{"href":"https:\/\/derechosinfronteras.pe\/ingles\/wp-json\/wp\/v2\/posts"}],"about":[{"href":"https:\/\/derechosinfronteras.pe\/ingles\/wp-json\/wp\/v2\/types\/post"}],"author":[{"embeddable":true,"href":"https:\/\/derechosinfronteras.pe\/ingles\/wp-json\/wp\/v2\/users\/1"}],"replies":[{"embeddable":true,"href":"https:\/\/derechosinfronteras.pe\/ingles\/wp-json\/wp\/v2\/comments?post=4301"}],"version-history":[{"count":2,"href":"https:\/\/derechosinfronteras.pe\/ingles\/wp-json\/wp\/v2\/posts\/4301\/revisions"}],"predecessor-version":[{"id":7086,"href":"https:\/\/derechosinfronteras.pe\/ingles\/wp-json\/wp\/v2\/posts\/4301\/revisions\/7086"}],"wp:featuredmedia":[{"embeddable":true,"href":"https:\/\/derechosinfronteras.pe\/ingles\/wp-json\/wp\/v2\/media\/4302"}],"wp:attachment":[{"href":"https:\/\/derechosinfronteras.pe\/ingles\/wp-json\/wp\/v2\/media?parent=4301"}],"wp:term":[{"taxonomy":"category","embeddable":true,"href":"https:\/\/derechosinfronteras.pe\/ingles\/wp-json\/wp\/v2\/categories?post=4301"},{"taxonomy":"post_tag","embeddable":true,"href":"https:\/\/derechosinfronteras.pe\/ingles\/wp-json\/wp\/v2\/tags?post=4301"}],"curies":[{"name":"wp","href":"https:\/\/api.w.org\/{rel}","templated":true}]}}