{"id":4303,"date":"2019-08-08T11:49:29","date_gmt":"2019-08-08T16:49:29","guid":{"rendered":"http:\/\/derechosinfronteras.pe\/?p=5002"},"modified":"2019-08-08T11:49:29","modified_gmt":"2019-08-08T16:49:29","slug":"demandamos-cese-de-militarizacion-y-decision-definitiva-del-gobierno-sobre-imposicion-de-proyecto-minero-tia-maria","status":"publish","type":"post","link":"https:\/\/derechosinfronteras.pe\/ingles\/demandamos-cese-de-militarizacion-y-decision-definitiva-del-gobierno-sobre-imposicion-de-proyecto-minero-tia-maria\/","title":{"rendered":"Demandamos cese de militarizaci\u00f3n y decisi\u00f3n definitiva del gobierno sobre imposici\u00f3n de proyecto minero T\u00eda Maria"},"content":{"rendered":"<p>RED MUQUI, se dirige a la opini\u00f3n p\u00fablica nacional e internacional para expresar lo siguiente:<\/p>\n<ol>\n<li>Lamentamos la actitud incongruente y prepotente del Gobierno del Se\u00f1or Vizcarra respecto a la imposici\u00f3n del proyecto minero T\u00eda Mar\u00eda de la empresa mexicano-norteamericana Southern Peru Copper Corporation en el Valle de Tambo, provincia de Islay en Arequipa, como parte de una estrategia econ\u00f3mica, que prioriza la aplicaci\u00f3n de la \u201cAgenda Pa\u00eds\u201d de la Confiep y la explotaci\u00f3n sin control por parte de empresas extractivas de nuestros recurso naturales y que afecta derechos fundamentales de las comunidades y poblaciones ubicadas dentro o alrededor de esos proyectos mineros.<\/li>\n<li>El gobierno por palabras del propio Presidente busca una salida \u201cdialogada\u201d al conflicto que \u00e9ste mismo ha generado al otorgar la \u201clicencia de construcci\u00f3n\u201d a la empresa, sin tener en cuenta la oposici\u00f3n abrumadoramente mayoritaria de la poblaci\u00f3n, sin embargo, al mismo tiempo, abdica a su rol constitucional de garante de los derechos de las personas, asumiendo un papel de violador de derechos fundamentales, al dictar una serie de medidas y tomar decisiones que ponen en riesgo la integridad f\u00edsica, libertad personal y derecho a la leg\u00edtima protesta social de la poblaci\u00f3n de Valle de Tambo que ya sufre 10 a\u00f1os de constante asedio policial y agresi\u00f3n por el hecho de defender sus modos de vida basados en la agricultura, agroindustria y agroexportaci\u00f3n.<\/li>\n<li>Desde Red Muqui hab\u00edamos ya alertado, que nuevamente el Valle de Tambo se podr\u00eda convertir en un laboratorio de aplicaci\u00f3n de medidas de criminalizaci\u00f3n y represi\u00f3n de la protesta social. En efecto, primero fue la aplicaci\u00f3n de la figura delictiva de crimen organizado, a trav\u00e9s de la Asociaci\u00f3n il\u00edcita para delinquir, tratando a los representantes de las organizaciones sociales, que son reconocidos como defensoras y defensores de derechos humanos (por el reciente Protocolo de Protecci\u00f3n publicado por el Ministerio de Justicia y los tratados internacionales de derechos humanos), como si fueran una banda de delincuentes comunes, lo que incluso ha ocurrido recientemente en Arequipa con informes de inteligencia que los califica de \u201cradicales y violentistas\u201d.<\/li>\n<li>Finalmente se ha aplicado en el caso T\u00eda Mar\u00eda, el\u00a0Reglamento para la Identificaci\u00f3n, Evaluaci\u00f3n y Gesti\u00f3n de Riesgos de los Activos Cr\u00edticos Nacionales (ACN), arguyendo el riesgo de ser afectadas las instalaciones del Terminal Portuario de Matarani. La aplicaci\u00f3n de la inconstitucional norma administrativa de Activos Cr\u00edticos, que permite la intervenci\u00f3n de las Fuerzas Armadas y con ello la \u201cmilitarizaci\u00f3n\u201d en un conflicto social, desnaturaliza el rol constitucional que \u00e9stas juegan en la defensa nacional, permitiendo que intervengan en el orden interno, tarea que compete, por mandato de la propia Constituci\u00f3n, a la Polic\u00eda Nacional, con los riesgos que ello conlleva en el uso de armas de fuego de largo alcance, calificadas como letales y prohibidas, en una eventual represi\u00f3n.<\/li>\n<li>Hay que destacar que en la misi\u00f3n de observaci\u00f3n de derechos humanos en la que recientemente RED MUQUI particip\u00f3 junto con la Coordinadora Nacional de Derechos Humanos y la Asociaci\u00f3n Nacional de Centros, pudimos comprobar in situ, pese a la negativa del Jefe de la Macro Regi\u00f3n Policial en Arequipa, que la Polic\u00eda Nacional si interven\u00eda en la represi\u00f3n del conflicto con armas de fuego letales, de largo alcance y no s\u00f3lo con armas disuasivas como establecen las normas sobre el uso debido de la fuerza, lo que fue corroborado por los propios polic\u00edas a quienes entrevistamos en el cuartel Chucarapi en Valle de Tambo.<\/li>\n<li>A \u00e9sta medida se suma el lamentable rol que est\u00e1 jugando el\u00a0Ministerio P\u00fablico en Arequipa, que est\u00e1 abdicando de su obligaci\u00f3n constitucional de investigar un hecho delictivo para perseguirlo penalmente y, por el contrario, solicita a los profesionales de la salud en Islay, que atiendan a personas heridas como consecuencia de las acciones de represi\u00f3n policial, que entreguen las prendas, restos de proyectiles de armas de fuego, etc. a la propia polic\u00eda cuestionada por estar acciones brutales de represi\u00f3n, lo que, sin duda, pone en riesgo los medios probatorios para futuros procesos que puedan establecer responsabilidades en violaciones de derechos humanos de parte de la polic\u00eda en su accionar.<\/li>\n<\/ol>\n<p>Por todo ello exigimos el cese de los actos brutales de represi\u00f3n de parte de la Polic\u00eda Nacional en contra de la poblaci\u00f3n de Valle de Tambo que desde el a\u00f1o 2009 en la consulta popular que realizaron, ha mostrado en su abrumadora mayor\u00eda su rechazo a la imposici\u00f3n del proyecto minero T\u00eda Mar\u00eda, y que requiere de parte del gobierno del Presidente Vizcarra una decisi\u00f3n definitiva que d\u00e9 un paso atr\u00e1s en la pretensi\u00f3n de la empresa minera Southern y la CONFIEP, de imponer un proyecto con el uso de la fuerza; evit\u00e1ndose as\u00ed un conflicto con consecuencias m\u00e1s graves, y generando una situaci\u00f3n de pleno respeto del derecho de la poblaci\u00f3n de Valle de Tambo a decidir sobre sus medios de vida y de expresarse p\u00fablicamente.<\/p>","protected":false},"excerpt":{"rendered":"<p>RED MUQUI, se dirige a la opini\u00f3n p\u00fablica nacional e internacional para expresar lo siguiente: Lamentamos la actitud incongruente y prepotente del Gobierno del Se\u00f1or Vizcarra respecto a la imposici\u00f3n del proyecto minero T\u00eda Mar\u00eda de la empresa mexicano-norteamericana Southern Peru Copper Corporation en el Valle de Tambo, provincia de Islay en Arequipa, como parte [&hellip;]<\/p>\n","protected":false},"author":1,"featured_media":4304,"comment_status":"open","ping_status":"open","sticky":false,"template":"","format":"standard","meta":{"_monsterinsights_skip_tracking":false,"_monsterinsights_sitenote_active":false,"_monsterinsights_sitenote_note":"","_monsterinsights_sitenote_category":0,"_jetpack_memberships_contains_paid_content":false,"footnotes":"","jetpack_publicize_message":"","jetpack_publicize_feature_enabled":true,"jetpack_social_post_already_shared":false,"jetpack_social_options":{"image_generator_settings":{"template":"highway","default_image_id":0,"font":"","enabled":false},"version":2}},"categories":[1],"tags":[],"class_list":["post-4303","post","type-post","status-publish","format-standard","has-post-thumbnail","hentry","category-sin-categoria"],"blocksy_meta":[],"jetpack_publicize_connections":[],"jetpack_featured_media_url":"https:\/\/derechosinfronteras.pe\/wp-content\/uploads\/2019\/08\/b28cbe6511a4db9839d58c5beb3f657f_L.jpg","jetpack_sharing_enabled":true,"jetpack_likes_enabled":true,"_links":{"self":[{"href":"https:\/\/derechosinfronteras.pe\/ingles\/wp-json\/wp\/v2\/posts\/4303","targetHints":{"allow":["GET"]}}],"collection":[{"href":"https:\/\/derechosinfronteras.pe\/ingles\/wp-json\/wp\/v2\/posts"}],"about":[{"href":"https:\/\/derechosinfronteras.pe\/ingles\/wp-json\/wp\/v2\/types\/post"}],"author":[{"embeddable":true,"href":"https:\/\/derechosinfronteras.pe\/ingles\/wp-json\/wp\/v2\/users\/1"}],"replies":[{"embeddable":true,"href":"https:\/\/derechosinfronteras.pe\/ingles\/wp-json\/wp\/v2\/comments?post=4303"}],"version-history":[{"count":0,"href":"https:\/\/derechosinfronteras.pe\/ingles\/wp-json\/wp\/v2\/posts\/4303\/revisions"}],"wp:featuredmedia":[{"embeddable":true,"href":"https:\/\/derechosinfronteras.pe\/ingles\/wp-json\/wp\/v2\/media\/4304"}],"wp:attachment":[{"href":"https:\/\/derechosinfronteras.pe\/ingles\/wp-json\/wp\/v2\/media?parent=4303"}],"wp:term":[{"taxonomy":"category","embeddable":true,"href":"https:\/\/derechosinfronteras.pe\/ingles\/wp-json\/wp\/v2\/categories?post=4303"},{"taxonomy":"post_tag","embeddable":true,"href":"https:\/\/derechosinfronteras.pe\/ingles\/wp-json\/wp\/v2\/tags?post=4303"}],"curies":[{"name":"wp","href":"https:\/\/api.w.org\/{rel}","templated":true}]}}