{"id":4305,"date":"2019-08-08T10:18:01","date_gmt":"2019-08-08T15:18:01","guid":{"rendered":"http:\/\/derechosinfronteras.pe\/?p=4998"},"modified":"2019-08-08T10:18:01","modified_gmt":"2019-08-08T15:18:01","slug":"valle-de-tambo-estado-tiene-la-obligacion-de-respetar-el-modelo-de-desarrollo-y-garantizar-el-derecho-a-la-vida","status":"publish","type":"post","link":"https:\/\/derechosinfronteras.pe\/ingles\/valle-de-tambo-estado-tiene-la-obligacion-de-respetar-el-modelo-de-desarrollo-y-garantizar-el-derecho-a-la-vida\/","title":{"rendered":"Valle de Tambo: Estado tiene la obligaci\u00f3n de respetar el modelo de desarrollo y garantizar el derecho a la vida"},"content":{"rendered":"<p style=\"text-align: center;\"><strong>PRONUNCIAMIENTO<\/strong><\/p>\n<p>El 8 de julio del presente a\u00f1o la ciudadan\u00eda de la provincia de Islay en Arequipa tom\u00f3 conocimiento por la prensa que tres d\u00edas antes, el 5 de julio, la empresa Southern Peru Copper Corporation remiti\u00f3 una carta al Ministro de Energ\u00eda y Minas (MINEM) solicitando le otorgue \u201cla licencia de construcci\u00f3n de la Concesi\u00f3n de Beneficio del Proyecto Minero T\u00eda Mar\u00eda\u201d.<\/p>\n<p>El 9 de julio fue la propia empresa minera la que inform\u00f3 que el MINEM le hab\u00eda otorgado ya la licencia de construcci\u00f3n. Posteriormente, el MINEM inform\u00f3 a la ciudadan\u00eda sobre el otorgamiento de dicha licencia de construcci\u00f3n.<\/p>\n<p>Cabe resaltar que, pese la campa\u00f1a medi\u00e1tica millonaria de la empresa Southern, la ciudadan\u00eda de Islay ha manifestado desde el a\u00f1o 2009 que su proyecto de vida y de desarrollo se basa en la agricultura y que este proyecto de vida se contradice con la imposici\u00f3n de minas de explotaci\u00f3n de cobre en su territorio.<\/p>\n<p>As\u00ed, en abril de 2011 a finales del gobierno aprista, se intent\u00f3 imponer este proyecto minero generando un grave conflicto social que tuvo como consecuencia la muerte de 4 ciudadanos. Esta situaci\u00f3n se repiti\u00f3 durante el gobierno de Ollanta Humala en el a\u00f1o 2015 (un a\u00f1o antes de finalizar dicho gobierno) y la polic\u00eda ocasion\u00f3 la muerte de 3 ciudadanos. Todas estas muertes fueron generadas por la represi\u00f3n policial frente a las leg\u00edtimas protestas ciudadanas, y a la fecha no han sido investigadas y menos se han establecido las responsabilidades y sanciones correspondientes para evitar impunidad.<\/p>\n<p>Por ello, expresamos con suma preocupaci\u00f3n como el gobierno frente a la situaci\u00f3n de protesta social generada por el otorgamiento de la esta ha priorizado una soluci\u00f3n de fuerza, enviado un contingente de m\u00e1s de 600 efectivos policiales y autorizando inconstitucionalmente la participaci\u00f3n de las fuerzas armadas en el control del orden interno. En ese sentido se\u00f1alamos:<\/p>\n<p>1. Condenamos la represi\u00f3n de la leg\u00edtima protesta social en el departamento de Arequipa, cuya violencia se acent\u00faa con el uso de armas letales de parte de Polic\u00eda Nacional del Per\u00fa;<\/p>\n<p>2. Expresamos nuestra preocupaci\u00f3n por la remisi\u00f3n del oficio de una Fiscal\u00eda Provincial Penal de Islay en el que solicita a los profesionales de la salud entregar la vestimenta, restos de armas de fuego, etc. de las personas heridas que atiendan en el contexto de la protesta social a la polic\u00eda que intervino en los operativos, abdicando as\u00ed de cumplir con su funci\u00f3n constitucional de investigar el delito y custodiar las pruebas. Esta exhortaci\u00f3n origina un conflicto de intereses y puede generar la adulteraci\u00f3n o destrucci\u00f3n de la prueba por personal policial vinculado a agresiones a la integridad personal de la ciudadan\u00eda;<\/p>\n<p>3. Rechazamos el Memorandum de 31 de julio del Jefe de la Divisi\u00f3n de Orden P\u00fablico y Seguridad de la MacroRegi\u00f3n SUR PNP en el cual se asume un supuesto peligro a la paz social y p\u00fablica que representan las organizaciones sociales: \u201cgremiales, sindicales, estudiantes universitarios, comerciantes, amas de casa, ONGs, transportistas, taxistas, frentes de defensa, sindicatos de trabajadores de construcci\u00f3n civil, pobladores y\/o agricultores\u201d cuando participan o apoyan las leg\u00edtimas protestas sociales, y ordena poner en ejecuci\u00f3n el Plan de Defensa y Seguridad LINCE 2019;<\/p>\n<p>4. Denunciamos la inconstitucionalidad de la resoluci\u00f3n ministerial de 4 de agosto, la cual sin previa declaratoria de estado de emergencia autoriza la intervenci\u00f3n de las fuerzas armadas en el control del orden interno en el puerto de Matarani, Arequipa, desnaturalizando as\u00ed la funci\u00f3n de las fuerzas armadas para garantizar la independencia, soberan\u00eda e integridad territorial de la Rep\u00fablica.<\/p>\n<p>Por esto, desde la Coordinadora Nacional de Derechos Humanos exigimos al gobierno central que frente al conflicto social que ha generado en la provincia de Islay no priorice la utilizaci\u00f3n de la fuerza y que, por el contrario, escuche y dialogue con la ciudadan\u00eda en dicha provincia para que a trav\u00e9s de este di\u00e1logo garantice y proteja el derecho a la vida, a la libertad e integridad personal, a decidir su propio modelo de desarrollo, as\u00ed como el ejercicio del derecho a la protesta de la ciudadan\u00eda.<\/p>\n<p style=\"text-align: right;\">8 de agosto de 2019<\/p>","protected":false},"excerpt":{"rendered":"<p>PRONUNCIAMIENTO El 8 de julio del presente a\u00f1o la ciudadan\u00eda de la provincia de Islay en Arequipa tom\u00f3 conocimiento por la prensa que tres d\u00edas antes, el 5 de julio, la empresa Southern Peru Copper Corporation remiti\u00f3 una carta al Ministro de Energ\u00eda y Minas (MINEM) solicitando le otorgue \u201cla licencia de construcci\u00f3n de la [&hellip;]<\/p>\n","protected":false},"author":1,"featured_media":4306,"comment_status":"open","ping_status":"open","sticky":false,"template":"","format":"standard","meta":{"_monsterinsights_skip_tracking":false,"_monsterinsights_sitenote_active":false,"_monsterinsights_sitenote_note":"","_monsterinsights_sitenote_category":0,"_jetpack_memberships_contains_paid_content":false,"footnotes":"","jetpack_publicize_message":"","jetpack_publicize_feature_enabled":true,"jetpack_social_post_already_shared":false,"jetpack_social_options":{"image_generator_settings":{"template":"highway","default_image_id":0,"font":"","enabled":false},"version":2}},"categories":[1],"tags":[],"class_list":["post-4305","post","type-post","status-publish","format-standard","has-post-thumbnail","hentry","category-sin-categoria"],"blocksy_meta":[],"jetpack_publicize_connections":[],"jetpack_featured_media_url":"https:\/\/derechosinfronteras.pe\/wp-content\/uploads\/2019\/08\/21h11m-mp3cutnet-824403mp3_824404.jpg","jetpack_sharing_enabled":true,"jetpack_likes_enabled":true,"_links":{"self":[{"href":"https:\/\/derechosinfronteras.pe\/ingles\/wp-json\/wp\/v2\/posts\/4305","targetHints":{"allow":["GET"]}}],"collection":[{"href":"https:\/\/derechosinfronteras.pe\/ingles\/wp-json\/wp\/v2\/posts"}],"about":[{"href":"https:\/\/derechosinfronteras.pe\/ingles\/wp-json\/wp\/v2\/types\/post"}],"author":[{"embeddable":true,"href":"https:\/\/derechosinfronteras.pe\/ingles\/wp-json\/wp\/v2\/users\/1"}],"replies":[{"embeddable":true,"href":"https:\/\/derechosinfronteras.pe\/ingles\/wp-json\/wp\/v2\/comments?post=4305"}],"version-history":[{"count":0,"href":"https:\/\/derechosinfronteras.pe\/ingles\/wp-json\/wp\/v2\/posts\/4305\/revisions"}],"wp:featuredmedia":[{"embeddable":true,"href":"https:\/\/derechosinfronteras.pe\/ingles\/wp-json\/wp\/v2\/media\/4306"}],"wp:attachment":[{"href":"https:\/\/derechosinfronteras.pe\/ingles\/wp-json\/wp\/v2\/media?parent=4305"}],"wp:term":[{"taxonomy":"category","embeddable":true,"href":"https:\/\/derechosinfronteras.pe\/ingles\/wp-json\/wp\/v2\/categories?post=4305"},{"taxonomy":"post_tag","embeddable":true,"href":"https:\/\/derechosinfronteras.pe\/ingles\/wp-json\/wp\/v2\/tags?post=4305"}],"curies":[{"name":"wp","href":"https:\/\/api.w.org\/{rel}","templated":true}]}}