{"id":4307,"date":"2019-08-07T19:09:14","date_gmt":"2019-08-08T00:09:14","guid":{"rendered":"http:\/\/derechosinfronteras.pe\/?p=4995"},"modified":"2019-08-07T19:09:14","modified_gmt":"2019-08-08T00:09:14","slug":"dialogo-en-espinar-submesa-de-consulta-previa-y-corredor-minero-toman-nuevos-acuerdos","status":"publish","type":"post","link":"https:\/\/derechosinfronteras.pe\/ingles\/dialogo-en-espinar-submesa-de-consulta-previa-y-corredor-minero-toman-nuevos-acuerdos\/","title":{"rendered":"Di\u00e1logo en Espinar: submesa de consulta previa y corredor minero toman nuevos acuerdos"},"content":{"rendered":"<p>07 de agosto. El viceministro de Minas, Augusto Cauti Barrantes, el representante de la Direcci\u00f3n General de Programas y Proyectos de Transportes del MTC, otros funcionarios del MINEM y MTC, el alcalde de Espinar, Lolo Arenas, regidores, autoridades locales, dirigentes y representantes de organizaciones sociales y trabajadores de las empresas Hudbay, Antapaccay, Las Bambas y Brexis Gold Plata, participaron ayer en la Mesa de Di\u00e1logo para el desarrollo sostenible de Espinar, que esta vez abord\u00f3 la sub-mesa del eje consulta previa y corredor minero. Uno de los acuerdos m\u00e1s importantes es la solicitud de Consulta Previa ante la reclasificaci\u00f3n de algunas carreteras en beneficio de la actividad minera en el corredor minero del sur.<\/p>\n<p>Aunque las personas acreditadas al espacio de di\u00e1logo cuestionaron que ni gerentes de las empresas, ni los altos funcionarios de los Ministerios est\u00e9n presentes en la reuni\u00f3n, la agenda se desarroll\u00f3 con total normalidad. El primer tema a tratar fue la reclasificaci\u00f3n de v\u00edas en los territorios de Espinar, decisi\u00f3n que afectar\u00eda a algunas comunidades. Dirigentes comunales y alcaldes distritales denunciaron que no contaban con la suficiente informaci\u00f3n sobre los beneficios e impactos, y expresaron su preocupaci\u00f3n por las acciones de mitigaci\u00f3n ante el impacto ambiental que provocan los veh\u00edculos de las empresas mineras: polvareda, accidentes, vibraciones, derrames, entre otros.<\/p>\n<p>En tal sentido, el Viceministro Barrantes solicit\u00f3 que en una pr\u00f3xima reuni\u00f3n los funcionarios de las compa\u00f1\u00edas mineras expliquen cual fue el proceso para que se acepte su Estudio de Impacto Ambiental respecto al transporte de minerales. Por su parte el alcalde de Espinar, sugiri\u00f3 la instalaci\u00f3n de una garita de control que sirva como peaje para los veh\u00edculos de las empresas.<\/p>\n<p>Al finalizar la reuni\u00f3n el Ministerio de Transportes y Comunicaciones se comprometieron a realizar consultas generales y espec\u00edficas de acuerdo a ley en la jurisdicci\u00f3n de Espinar que conforma el corredor minero. Adem\u00e1s, el MINEM, el MINAM y SENACE socializar\u00e1n con las comunidades el procedimiento de aprobaci\u00f3n de los EIA respecto al transporte de minerales. Finalmente, la Municipalidad de Espinar evaluar\u00e1 temas que no est\u00e9n contemplados en el actual convenio marco con la empresa Glencore Antapaccay.<\/p>\n<p>La pr\u00f3xima reuni\u00f3n se llevar\u00e1 a cabo el 26 de agosto para hablar sobre la situaci\u00f3n del corredor minero, y el 27 de agosto sobre el convenio marco. Los funcionarios de las empresas mineras se comprometieron a participar.<\/p>\n<p>&nbsp;<\/p>","protected":false},"excerpt":{"rendered":"<p>07 de agosto. El viceministro de Minas, Augusto Cauti Barrantes, el representante de la Direcci\u00f3n General de Programas y Proyectos de Transportes del MTC, otros funcionarios del MINEM y MTC, el alcalde de Espinar, Lolo Arenas, regidores, autoridades locales, dirigentes y representantes de organizaciones sociales y trabajadores de las empresas Hudbay, Antapaccay, Las Bambas y [&hellip;]<\/p>\n","protected":false},"author":1,"featured_media":4308,"comment_status":"open","ping_status":"open","sticky":false,"template":"","format":"standard","meta":{"_monsterinsights_skip_tracking":false,"_monsterinsights_sitenote_active":false,"_monsterinsights_sitenote_note":"","_monsterinsights_sitenote_category":0,"_jetpack_memberships_contains_paid_content":false,"footnotes":"","jetpack_publicize_message":"","jetpack_publicize_feature_enabled":true,"jetpack_social_post_already_shared":false,"jetpack_social_options":{"image_generator_settings":{"template":"highway","default_image_id":0,"font":"","enabled":false},"version":2}},"categories":[1],"tags":[],"class_list":["post-4307","post","type-post","status-publish","format-standard","has-post-thumbnail","hentry","category-sin-categoria"],"blocksy_meta":[],"jetpack_publicize_connections":[],"jetpack_featured_media_url":"https:\/\/derechosinfronteras.pe\/wp-content\/uploads\/2019\/08\/Espinar.jpg","jetpack_sharing_enabled":true,"jetpack_likes_enabled":true,"_links":{"self":[{"href":"https:\/\/derechosinfronteras.pe\/ingles\/wp-json\/wp\/v2\/posts\/4307","targetHints":{"allow":["GET"]}}],"collection":[{"href":"https:\/\/derechosinfronteras.pe\/ingles\/wp-json\/wp\/v2\/posts"}],"about":[{"href":"https:\/\/derechosinfronteras.pe\/ingles\/wp-json\/wp\/v2\/types\/post"}],"author":[{"embeddable":true,"href":"https:\/\/derechosinfronteras.pe\/ingles\/wp-json\/wp\/v2\/users\/1"}],"replies":[{"embeddable":true,"href":"https:\/\/derechosinfronteras.pe\/ingles\/wp-json\/wp\/v2\/comments?post=4307"}],"version-history":[{"count":0,"href":"https:\/\/derechosinfronteras.pe\/ingles\/wp-json\/wp\/v2\/posts\/4307\/revisions"}],"wp:featuredmedia":[{"embeddable":true,"href":"https:\/\/derechosinfronteras.pe\/ingles\/wp-json\/wp\/v2\/media\/4308"}],"wp:attachment":[{"href":"https:\/\/derechosinfronteras.pe\/ingles\/wp-json\/wp\/v2\/media?parent=4307"}],"wp:term":[{"taxonomy":"category","embeddable":true,"href":"https:\/\/derechosinfronteras.pe\/ingles\/wp-json\/wp\/v2\/categories?post=4307"},{"taxonomy":"post_tag","embeddable":true,"href":"https:\/\/derechosinfronteras.pe\/ingles\/wp-json\/wp\/v2\/tags?post=4307"}],"curies":[{"name":"wp","href":"https:\/\/api.w.org\/{rel}","templated":true}]}}