{"id":4309,"date":"2019-07-25T19:00:04","date_gmt":"2019-07-26T00:00:04","guid":{"rendered":"http:\/\/derechosinfronteras.pe\/?p=4991"},"modified":"2019-07-25T19:00:04","modified_gmt":"2019-07-26T00:00:04","slug":"mision-de-derechos-humanos-exige-a-presidente-vizcarra-cese-de-uso-de-violencia-en-el-valle-de-tambo","status":"publish","type":"post","link":"https:\/\/derechosinfronteras.pe\/ingles\/mision-de-derechos-humanos-exige-a-presidente-vizcarra-cese-de-uso-de-violencia-en-el-valle-de-tambo\/","title":{"rendered":"Misi\u00f3n de Derechos Humanos exige a presidente Vizcarra cese de uso de violencia en el Valle de Tambo"},"content":{"rendered":"<p>La Coordinadora Nacional de Derechos Humanos, RED MUQUI y la Asociaci\u00f3n Nacional de Centros nos constituimos en Misi\u00f3n de Observadores en Arequipa y Valle de Tambo, para verificar la situaci\u00f3n de conflictividad social generada por la decisi\u00f3n del gobierno de Mart\u00edn Vizcarra de conceder la autorizaci\u00f3n de construcci\u00f3n al proyecto minero T\u00eda Mar\u00eda.<\/p>\n<p>El d\u00eda lunes 22, en la ciudad de Arequipa tomamos conocimiento de la lamentable decisi\u00f3n del gobierno, anunciada por el Premier Del Solar, de hacer uso de la fuerza represiva en contra de la protesta social de la poblaci\u00f3n de Valle de Tambo generada por la imposici\u00f3n del citado proyecto.<\/p>\n<p>El mismo d\u00eda, la Misi\u00f3n fue informada por las y los dirigentes locales que en el marco de la acci\u00f3n policial por \u201cliberar\u201d la v\u00eda Panamericana, se habr\u00edan producido 4 detenciones de pobladores. Del mismo modo, se inform\u00f3 a la Misi\u00f3n que algunos civiles resultaron heridos producto de la acci\u00f3n policial. Al respecto, la Misi\u00f3n solicit\u00f3 una reuni\u00f3n inmediata con el Jefe de la Novena Macro Regi\u00f3n Policial Arequipa, General Roy Ugaz Su\u00e1rez, y con el Presidente de la Junta de Fiscales de Arequipa, Dr. Franklin Tomy L\u00f3pez, quienes se\u00f1alaron que hasta ese momento no se hab\u00edan producido detenciones ni personas heridas por las intervenciones policiales.<\/p>\n<p>El d\u00eda martes 23, la Misi\u00f3n se traslad\u00f3 al Valle de Tambo, visitando la Comisar\u00eda de Cocachacra y el Cuartel Chucarapi, antes y despu\u00e9s de producido un nuevo enfrentamiento con los pobladores. En este contexto se produjo la primera detenci\u00f3n, del se\u00f1or Gilberto Colque, quien fue conducido a las instalaciones del Cuartel Chucarapi. La Misi\u00f3n verific\u00f3 que el Sr. Colque se encontraba en buen estado de salud y contaba con defensa legal, el mismo que posteriormente -tras larga espera de presencia fiscal- fue trasladado a la ciudad de Arequipa para continuar las investigaciones. Consideramos fundamental que el Ministerio P\u00fablico priorice una presencia permanente de fiscales en el Valle de Tambo, a fin de brindar garant\u00edas a la poblaci\u00f3n para el ejercicio de sus derechos.<\/p>\n<p>Durante el mismo d\u00eda, la poblaci\u00f3n del Valle de Tambo recibi\u00f3 al Viceministro de Gobernanza Territorial, Sr. Ra\u00fal Molina. Sin embargo, la voluntad de apertura de la poblaci\u00f3n no encontr\u00f3 eco en el gobierno, cuando se inform\u00f3 de una reuni\u00f3n del Ministro de Energ\u00eda y Minas con representantes de la provincia de Islay, en los precisos momentos en que la poblaci\u00f3n se encontraba movilizada en el Valle de Tambo.<\/p>\n<p>La Misi\u00f3n expresa su preocupaci\u00f3n por la falta de di\u00e1logo y por los hechos de violencia.No se puede imponer un proyecto minero bajo el uso de la fuerza, sin consideraci\u00f3n a los modos de vida y modelos de desarrollo presentes en el Valle de Tambo, sostenidos en la agricultura, agroindustria y agroexportaci\u00f3n.<\/p>\n<p>En este sentido, se exhorta a las partes, en particular al poder ejecutivo, a cesar el uso de mecanismos de violencia, de presi\u00f3n y\/o estigmatizaci\u00f3n que puedan afectar el ejercicio de los derechos de las personas. En este sentido, recordamos a la opini\u00f3n p\u00fablica que las y los pobladores del Valle de Tambo vienen levantando su voz de protesta frente al proyecto de T\u00eda Mar\u00eda desde hace 10 a\u00f1os, sin encontrar respuesta desde el Estado, encontr\u00e1ndose en un estado de tensi\u00f3n y afectaci\u00f3n hasta la fecha.<\/p>\n<p>Del mismo modo, la Misi\u00f3n comparte su preocupaci\u00f3n frente a la situaci\u00f3n de las personas heridas en el contexto del conflicto. Hasta este momento, el actual conflicto ha producido 11 polic\u00edas heridos y\/o contusos, dados a conocer ampliamente por los medios. Del mismo modo se ha reportado 3 civiles heridos, entre ellos una pobladora impactada peligrosamente por una bomba lacrim\u00f3gena en la frente, seg\u00fan los medios han indicado. Resulta grave que no pueda determinarse el real n\u00famero de civiles heridos por el temor de la poblaci\u00f3n a atenderse en los centros de salud, donde podr\u00edan ser detenidos y\/o criminalizados por su participaci\u00f3n en las protestas.<\/p>\n<p>Finalmente, la Misi\u00f3n exhorta al gobierno central, a las autoridades regionales y locales a buscar una soluci\u00f3n definitiva al conflicto social generado por el proyecto minero T\u00eda Mar\u00eda, que respete el derecho de las y los ciudadanos del Valle de Tambo a decidir sobre sus modos de vida y su futuro. El gobierno del Presidente Vizcarra debe recuperar su rol de garante de derechos, y no aceptar presiones de grupos econ\u00f3micos que pretenden imponer sus intereses por encima del respeto a la dignidad y a la vida de las personas.<\/p>\n<p style=\"text-align: right;\">Lima, 24 de julio del 2019<\/p>","protected":false},"excerpt":{"rendered":"<p>La Coordinadora Nacional de Derechos Humanos, RED MUQUI y la Asociaci\u00f3n Nacional de Centros nos constituimos en Misi\u00f3n de Observadores en Arequipa y Valle de Tambo, para verificar la situaci\u00f3n de conflictividad social generada por la decisi\u00f3n del gobierno de Mart\u00edn Vizcarra de conceder la autorizaci\u00f3n de construcci\u00f3n al proyecto minero T\u00eda Mar\u00eda. El d\u00eda [&hellip;]<\/p>\n","protected":false},"author":1,"featured_media":4310,"comment_status":"open","ping_status":"open","sticky":false,"template":"","format":"standard","meta":{"_monsterinsights_skip_tracking":false,"_monsterinsights_sitenote_active":false,"_monsterinsights_sitenote_note":"","_monsterinsights_sitenote_category":0,"_jetpack_memberships_contains_paid_content":false,"footnotes":"","jetpack_publicize_message":"","jetpack_publicize_feature_enabled":true,"jetpack_social_post_already_shared":false,"jetpack_social_options":{"image_generator_settings":{"template":"highway","default_image_id":0,"font":"","enabled":false},"version":2}},"categories":[1],"tags":[],"class_list":["post-4309","post","type-post","status-publish","format-standard","has-post-thumbnail","hentry","category-sin-categoria"],"blocksy_meta":[],"jetpack_publicize_connections":[],"jetpack_featured_media_url":"https:\/\/derechosinfronteras.pe\/wp-content\/uploads\/2019\/07\/Noticia-244406-tia_maria_arequipa_pnp_y_pobladores_heridos_producto_de_enfrentamientos_en_via_a_cocachacra_valle_del_tambo_panamericana_sur.jpg","jetpack_sharing_enabled":true,"jetpack_likes_enabled":true,"_links":{"self":[{"href":"https:\/\/derechosinfronteras.pe\/ingles\/wp-json\/wp\/v2\/posts\/4309","targetHints":{"allow":["GET"]}}],"collection":[{"href":"https:\/\/derechosinfronteras.pe\/ingles\/wp-json\/wp\/v2\/posts"}],"about":[{"href":"https:\/\/derechosinfronteras.pe\/ingles\/wp-json\/wp\/v2\/types\/post"}],"author":[{"embeddable":true,"href":"https:\/\/derechosinfronteras.pe\/ingles\/wp-json\/wp\/v2\/users\/1"}],"replies":[{"embeddable":true,"href":"https:\/\/derechosinfronteras.pe\/ingles\/wp-json\/wp\/v2\/comments?post=4309"}],"version-history":[{"count":0,"href":"https:\/\/derechosinfronteras.pe\/ingles\/wp-json\/wp\/v2\/posts\/4309\/revisions"}],"wp:featuredmedia":[{"embeddable":true,"href":"https:\/\/derechosinfronteras.pe\/ingles\/wp-json\/wp\/v2\/media\/4310"}],"wp:attachment":[{"href":"https:\/\/derechosinfronteras.pe\/ingles\/wp-json\/wp\/v2\/media?parent=4309"}],"wp:term":[{"taxonomy":"category","embeddable":true,"href":"https:\/\/derechosinfronteras.pe\/ingles\/wp-json\/wp\/v2\/categories?post=4309"},{"taxonomy":"post_tag","embeddable":true,"href":"https:\/\/derechosinfronteras.pe\/ingles\/wp-json\/wp\/v2\/tags?post=4309"}],"curies":[{"name":"wp","href":"https:\/\/api.w.org\/{rel}","templated":true}]}}