{"id":4311,"date":"2019-07-25T16:38:20","date_gmt":"2019-07-25T21:38:20","guid":{"rendered":"http:\/\/derechosinfronteras.pe\/?p=4988"},"modified":"2019-07-25T16:38:20","modified_gmt":"2019-07-25T21:38:20","slug":"conferencia-episcopal-peruana-la-rentabilidad-no-puede-oponerse-a-la-vida-digna-de-las-poblaciones","status":"publish","type":"post","link":"https:\/\/derechosinfronteras.pe\/ingles\/conferencia-episcopal-peruana-la-rentabilidad-no-puede-oponerse-a-la-vida-digna-de-las-poblaciones\/","title":{"rendered":"Conferencia Episcopal Peruana: &#8216;La rentabilidad no puede oponerse a la vida digna de\u00a0las poblaciones&#8217;"},"content":{"rendered":"<p>La Presidencia de la Conferencia Episcopal Peruana ha expresado recientemente que\u00a0el di\u00e1logo es el mejor medio para alcanzar y garantizar la paz social. Desea manifestar\u00a0tambi\u00e9n que, as\u00ed como el intercambio honesto y transparente de posiciones colabora\u00a0con solucionar conflictos, pensamos que la responsabilidad de los actores permitir\u00e1\u00a0darles una salida pac\u00edfica a situaciones como la de T\u00eda Mar\u00eda, en Arequipa, la del\u00a0derrame de petr\u00f3leo en Datem del Mara\u00f1\u00f3n, en Loreto, entre otros.<\/p>\n<p>1. Las empresas tienen la responsabilidad de buscar el crecimiento econ\u00f3mico\u00a0sostenible en armon\u00eda con la equidad social, especialmente con comunidades\u00a0originarias y el cuidado del medio ambiente; del mismo modo, deben absolver\u00a0cualquier tipo de dudas y temores en torno a sus actividades extractivas, y colaborar\u00a0en el establecimiento de canales de di\u00e1logo, con transparencia y honestidad. La l\u00f3gica\u00a0de la rentabilidad no puede oponerse a su responsabilidad para con la vida digna de\u00a0las poblaciones de influencia directa o indirecta de sus proyectos y el medio ambiente.<\/p>\n<p>2. Los gobiernos regionales y locales deben tener vocaci\u00f3n al di\u00e1logo. Est\u00e1n llamados\u00a0a tutelar el ambiente de sus comunidades y a trabajar arduamente por el mejoramiento\u00a0de la calidad de vida de sus ciudadanos. Los primeros llamados a trabajar en esta tarea\u00a0son ellos, m\u00e1s all\u00e1 de cualquier acci\u00f3n de responsabilidad social por parte de las\u00a0empresas privadas.<\/p>\n<p>3. Al gobierno nacional le cabe promover el desarrollo integral, institucionalizar las\u00a0mesas de di\u00e1logo y velar por el cumplimiento de todos los acuerdos, dentro de un\u00a0di\u00e1logo equitativo y bien informado, garantizando la compatibilidad de la actividad\u00a0empresarial con la sostenibilidad social y ambiental. Esto pasa por crear mecanismos de vigilancia y supervisi\u00f3n en los que participen el\u00a0mismo Estado y las comunidades afectadas. La construcci\u00f3n de confianza est\u00e1\u00a0estrechamente vinculada a la verdad, a la fiabilidad mutua y al rol que cumpla un\u00a0Estado neutral y garante de derechos.<\/p>\n<p>4. El compromiso de las comunidades es participar y opinar con responsabilidad y\u00a0libertad, teniendo en cuenta no solo el bien propio sino el bien com\u00fan de la regi\u00f3n y\u00a0del pa\u00eds. Al mismo tiempo que poseen el leg\u00edtimo derecho a la protesta, dentro del\u00a0marco legal deben asegurar que sus manifestaciones sean pac\u00edficas, sin alterar el orden\u00a0p\u00fablico, y sin obstaculizar el normal funcionamiento de la vida social en la regi\u00f3n. Es\u00a0su responsabilidad mantenerse abiertas a un di\u00e1logo sin posiciones extremas, evitando\u00a0conflictos y facilitando el desarrollo integral.<\/p>\n<p>El bien com\u00fan y el desarrollo sostenible son frutos de la responsabilidad de todos los\u00a0actores sociales y en definitiva de todos los peruanos, como nos invita la Sagrada\u00a0Escritura, que \u201ctengan vida y vida en abundancia\u201d (Juan 10,10).<\/p>\n<p style=\"text-align: right;\">\nLima, 18 de julio de 2019<br \/>\nLa Presidencia\u00a0de la Conferencia Episcopal Peruana<\/p>","protected":false},"excerpt":{"rendered":"<p>La Presidencia de la Conferencia Episcopal Peruana ha expresado recientemente que\u00a0el di\u00e1logo es el mejor medio para alcanzar y garantizar la paz social. Desea manifestar\u00a0tambi\u00e9n que, as\u00ed como el intercambio honesto y transparente de posiciones colabora\u00a0con solucionar conflictos, pensamos que la responsabilidad de los actores permitir\u00e1\u00a0darles una salida pac\u00edfica a situaciones como la de T\u00eda [&hellip;]<\/p>\n","protected":false},"author":1,"featured_media":4312,"comment_status":"open","ping_status":"open","sticky":false,"template":"","format":"standard","meta":{"_monsterinsights_skip_tracking":false,"_monsterinsights_sitenote_active":false,"_monsterinsights_sitenote_note":"","_monsterinsights_sitenote_category":0,"_jetpack_memberships_contains_paid_content":false,"footnotes":"","jetpack_publicize_message":"","jetpack_publicize_feature_enabled":true,"jetpack_social_post_already_shared":false,"jetpack_social_options":{"image_generator_settings":{"template":"highway","default_image_id":0,"font":"","enabled":false},"version":2}},"categories":[1],"tags":[],"class_list":["post-4311","post","type-post","status-publish","format-standard","has-post-thumbnail","hentry","category-sin-categoria"],"blocksy_meta":[],"jetpack_publicize_connections":[],"jetpack_featured_media_url":"https:\/\/derechosinfronteras.pe\/wp-content\/uploads\/2019\/07\/C3F.png","jetpack_sharing_enabled":true,"jetpack_likes_enabled":true,"_links":{"self":[{"href":"https:\/\/derechosinfronteras.pe\/ingles\/wp-json\/wp\/v2\/posts\/4311","targetHints":{"allow":["GET"]}}],"collection":[{"href":"https:\/\/derechosinfronteras.pe\/ingles\/wp-json\/wp\/v2\/posts"}],"about":[{"href":"https:\/\/derechosinfronteras.pe\/ingles\/wp-json\/wp\/v2\/types\/post"}],"author":[{"embeddable":true,"href":"https:\/\/derechosinfronteras.pe\/ingles\/wp-json\/wp\/v2\/users\/1"}],"replies":[{"embeddable":true,"href":"https:\/\/derechosinfronteras.pe\/ingles\/wp-json\/wp\/v2\/comments?post=4311"}],"version-history":[{"count":0,"href":"https:\/\/derechosinfronteras.pe\/ingles\/wp-json\/wp\/v2\/posts\/4311\/revisions"}],"wp:featuredmedia":[{"embeddable":true,"href":"https:\/\/derechosinfronteras.pe\/ingles\/wp-json\/wp\/v2\/media\/4312"}],"wp:attachment":[{"href":"https:\/\/derechosinfronteras.pe\/ingles\/wp-json\/wp\/v2\/media?parent=4311"}],"wp:term":[{"taxonomy":"category","embeddable":true,"href":"https:\/\/derechosinfronteras.pe\/ingles\/wp-json\/wp\/v2\/categories?post=4311"},{"taxonomy":"post_tag","embeddable":true,"href":"https:\/\/derechosinfronteras.pe\/ingles\/wp-json\/wp\/v2\/tags?post=4311"}],"curies":[{"name":"wp","href":"https:\/\/api.w.org\/{rel}","templated":true}]}}