{"id":4313,"date":"2019-07-23T21:14:18","date_gmt":"2019-07-24T02:14:18","guid":{"rendered":"http:\/\/derechosinfronteras.pe\/?p=4979"},"modified":"2019-07-23T21:14:18","modified_gmt":"2019-07-24T02:14:18","slug":"espinar-ministra-de-salud-se-compromete-a-atender-a-personas-afectadas-por-metales-toxicos","status":"publish","type":"post","link":"https:\/\/derechosinfronteras.pe\/ingles\/espinar-ministra-de-salud-se-compromete-a-atender-a-personas-afectadas-por-metales-toxicos\/","title":{"rendered":"Espinar: Ministra de Salud se compromete a atender a personas afectadas por metales t\u00f3xicos"},"content":{"rendered":"<p>23 de julio. La ministra de Salud, Zulema Tom\u00e1s Gonzales, estuvo en la \u00a0provincia cusque\u00f1a de Espinar para ser parte de la Mesa de Di\u00e1logo, que esta vez abordaba la sub-mesa del eje de salud, ambiente, saneamiento y residuos s\u00f3lidos. En este espacio participaron autoridades regionales, locales, funcionarios del Ejecutivo y dirigentes de organizaciones sociales. Uno de los acuerdos m\u00e1s importantes para los asistentes fue el compromiso de atenci\u00f3n especializada a personas afectadas por metales t\u00f3xicos a partir de agosto del presente a\u00f1o.<\/p>\n<p>La ministra anunci\u00f3 que, a m\u00e1s tardar, desde la tercera semana de agosto llegar\u00e1n hasta Espinar un equipo de m\u00e9dicos especialistas para brindar Atenci\u00f3n Integral Especializada a las personas afectadas por metales pesados. Sin embargo, desde ma\u00f1ana, se empezar\u00eda con atenci\u00f3n priorizada a las personas que requieran una atenci\u00f3n urgente.<\/p>\n<p>Por otro lado se acord\u00f3 la realizaci\u00f3n de monitoreos de calidad del agua en la zona urbana y en las comunidades, del 19 al 23 de agosto. Tambi\u00e9n se anunci\u00f3 la construcci\u00f3n del Hospital a partir de octubre del 2019, y desde la sociedad civil se conformar\u00e1 un comit\u00e9 de vigilancia para fiscalizar la obra.<\/p>\n<p>Despu\u00e9s de varias horas de debate, tambi\u00e9n se tomaron acuerdos en materia ambiental, saneamiento y gesti\u00f3n de residuos s\u00f3lidos (Ver Acta). La pr\u00f3xima reuni\u00f3n se realizar\u00e1 el 15 de agosto, hasta la fecha la Comisi\u00f3n Ambiental Municipal convocar\u00e1 al OEFA para que informe sobre las acciones de fiscalizaci\u00f3n a las empresas\u00a0 mineras Brexia Gold Plata y Antapaccay.<\/p>\n<p><img fetchpriority=\"high\" decoding=\"async\" class=\"aligncenter wp-image-4981\" src=\"http:\/\/derechosinfronteras.pe\/wp-content\/uploads\/2019\/07\/WhatsApp-Image-2019-07-23-at-6.05.34-PM-e1563934350268-702x1024.jpeg\" alt=\"\" width=\"703\" height=\"1024\" \/><\/p>\n<p>&nbsp;<\/p>\n<p><img decoding=\"async\" class=\"aligncenter size-large wp-image-4982\" src=\"http:\/\/derechosinfronteras.pe\/wp-content\/uploads\/2019\/07\/WhatsApp-Image-2019-07-23-at-6.05.43-PM-735x1024.jpeg\" alt=\"\" width=\"735\" height=\"1024\" \/><\/p>","protected":false},"excerpt":{"rendered":"<p>23 de julio. La ministra de Salud, Zulema Tom\u00e1s Gonzales, estuvo en la \u00a0provincia cusque\u00f1a de Espinar para ser parte de la Mesa de Di\u00e1logo, que esta vez abordaba la sub-mesa del eje de salud, ambiente, saneamiento y residuos s\u00f3lidos. En este espacio participaron autoridades regionales, locales, funcionarios del Ejecutivo y dirigentes de organizaciones sociales. [&hellip;]<\/p>\n","protected":false},"author":1,"featured_media":4314,"comment_status":"open","ping_status":"open","sticky":false,"template":"","format":"standard","meta":{"_monsterinsights_skip_tracking":false,"_monsterinsights_sitenote_active":false,"_monsterinsights_sitenote_note":"","_monsterinsights_sitenote_category":0,"_jetpack_memberships_contains_paid_content":false,"footnotes":"","jetpack_publicize_message":"","jetpack_publicize_feature_enabled":true,"jetpack_social_post_already_shared":false,"jetpack_social_options":{"image_generator_settings":{"template":"highway","default_image_id":0,"font":"","enabled":false},"version":2}},"categories":[1],"tags":[],"class_list":["post-4313","post","type-post","status-publish","format-standard","has-post-thumbnail","hentry","category-sin-categoria"],"blocksy_meta":[],"jetpack_publicize_connections":[],"jetpack_featured_media_url":"https:\/\/derechosinfronteras.pe\/wp-content\/uploads\/2019\/07\/standard_Foto_SMS_Espinar_Cusco.jpeg","jetpack_sharing_enabled":true,"jetpack_likes_enabled":true,"_links":{"self":[{"href":"https:\/\/derechosinfronteras.pe\/ingles\/wp-json\/wp\/v2\/posts\/4313","targetHints":{"allow":["GET"]}}],"collection":[{"href":"https:\/\/derechosinfronteras.pe\/ingles\/wp-json\/wp\/v2\/posts"}],"about":[{"href":"https:\/\/derechosinfronteras.pe\/ingles\/wp-json\/wp\/v2\/types\/post"}],"author":[{"embeddable":true,"href":"https:\/\/derechosinfronteras.pe\/ingles\/wp-json\/wp\/v2\/users\/1"}],"replies":[{"embeddable":true,"href":"https:\/\/derechosinfronteras.pe\/ingles\/wp-json\/wp\/v2\/comments?post=4313"}],"version-history":[{"count":0,"href":"https:\/\/derechosinfronteras.pe\/ingles\/wp-json\/wp\/v2\/posts\/4313\/revisions"}],"wp:featuredmedia":[{"embeddable":true,"href":"https:\/\/derechosinfronteras.pe\/ingles\/wp-json\/wp\/v2\/media\/4314"}],"wp:attachment":[{"href":"https:\/\/derechosinfronteras.pe\/ingles\/wp-json\/wp\/v2\/media?parent=4313"}],"wp:term":[{"taxonomy":"category","embeddable":true,"href":"https:\/\/derechosinfronteras.pe\/ingles\/wp-json\/wp\/v2\/categories?post=4313"},{"taxonomy":"post_tag","embeddable":true,"href":"https:\/\/derechosinfronteras.pe\/ingles\/wp-json\/wp\/v2\/tags?post=4313"}],"curies":[{"name":"wp","href":"https:\/\/api.w.org\/{rel}","templated":true}]}}