{"id":4315,"date":"2019-07-19T13:41:40","date_gmt":"2019-07-19T18:41:40","guid":{"rendered":"http:\/\/derechosinfronteras.pe\/?p=4972"},"modified":"2019-07-19T13:41:40","modified_gmt":"2019-07-19T18:41:40","slug":"espinar-actualizaran-protocolo-de-negociacion-para-reformulacion-del-convenio-marco","status":"publish","type":"post","link":"https:\/\/derechosinfronteras.pe\/ingles\/espinar-actualizaran-protocolo-de-negociacion-para-reformulacion-del-convenio-marco\/","title":{"rendered":"Espinar: Actualizar\u00e1n protocolo de negociaci\u00f3n para reformulaci\u00f3n del Convenio Marco"},"content":{"rendered":"<p>Ayer, 18 de julio, se realiz\u00f3 la segunda reuni\u00f3n del Subgrupo de Trabajo de Convenio Marco entre representantes del Ministerio de Energ\u00eda y Minas, de la empresa minera Glencore Antapaccay y de organizaciones de la sociedad civil de la provincia de Espinar, Cusco.<\/p>\n<p>Seg\u00fan los presentes en la reuni\u00f3n, se intent\u00f3 desconocer a los representantes de las organizaciones sociales de Espinar, quienes \u2013por su parte- argumentaron su legitimidad para continuar en el Grupo de Trabajo. Adem\u00e1s, representantes de la empresa minera pidieron se cancele la transmisi\u00f3n en vivo (video) que estaba realizando la Municipalidad de Espinar, bas\u00e1ndose en lo que estipula el \u201cProtocolo de Negociaci\u00f3n para la Discusi\u00f3n y Debate del Convenio Marco\u201d, que rige desde noviembre del 2012.<\/p>\n<p>Por los sucesos ya mencionados, el Grupo de Trabajo acord\u00f3 reconocer a los representantes acreditados que figuran en la relaci\u00f3n del Acta de reuni\u00f3n, as\u00ed como actualizar dicho Protocolo.<br \/>\nEl 24 de julio se realizar\u00e1 la pr\u00f3xima reuni\u00f3n, cuyo \u00fanico punto de agenda es la actualizaci\u00f3n del Protocolo de Negociaci\u00f3n. Por ello, cada parte deber\u00e1 llevar un proyecto o propuesta que modifique las actuales limitaciones del Protocolo actual, adem\u00e1s deben incluir una propuesta de terminolog\u00eda, el sustento con una base legal y un cronograma de trabajo.<\/p>\n<p>El Protocolo ser\u00e1 actualizado seg\u00fan la Resoluci\u00f3n Ministerial N\u00b0 165-2019-PCM, que resuelve conformar la \u201cMesa de Di\u00e1logo para el desarrollo sostenible de la provincia de Espinar\u201d, y especifica la creaci\u00f3n de Sub Grupos de Trabajo, sus integrantes, funciones y representantes, entre otros.<\/p>\n<p>Seg\u00fan la Resoluci\u00f3n Ministerial mencionada, el Subgrupo de Trabajo de Convenio Marco tiene como objetivo \u201cidentificar, proponer, e impulsar medidas que propicien el desarrollo y actividades productivas vinculadas a los sub sectores mineros, de hidrocarburos y de electricidad en la provincia de Espinar\u201d y es coordinado por el Ministerio de Energ\u00eda y Minas.<\/p>","protected":false},"excerpt":{"rendered":"<p>Ayer, 18 de julio, se realiz\u00f3 la segunda reuni\u00f3n del Subgrupo de Trabajo de Convenio Marco entre representantes del Ministerio de Energ\u00eda y Minas, de la empresa minera Glencore Antapaccay y de organizaciones de la sociedad civil de la provincia de Espinar, Cusco. Seg\u00fan los presentes en la reuni\u00f3n, se intent\u00f3 desconocer a los representantes [&hellip;]<\/p>\n","protected":false},"author":1,"featured_media":4316,"comment_status":"open","ping_status":"open","sticky":false,"template":"","format":"standard","meta":{"_monsterinsights_skip_tracking":false,"_monsterinsights_sitenote_active":false,"_monsterinsights_sitenote_note":"","_monsterinsights_sitenote_category":0,"_jetpack_memberships_contains_paid_content":false,"footnotes":"","jetpack_publicize_message":"","jetpack_publicize_feature_enabled":true,"jetpack_social_post_already_shared":false,"jetpack_social_options":{"image_generator_settings":{"template":"highway","default_image_id":0,"font":"","enabled":false},"version":2}},"categories":[1],"tags":[],"class_list":["post-4315","post","type-post","status-publish","format-standard","has-post-thumbnail","hentry","category-sin-categoria"],"blocksy_meta":[],"jetpack_publicize_connections":[],"jetpack_featured_media_url":"https:\/\/derechosinfronteras.pe\/wp-content\/uploads\/2019\/07\/Convenio-Marco.jpg","jetpack_sharing_enabled":true,"jetpack_likes_enabled":true,"_links":{"self":[{"href":"https:\/\/derechosinfronteras.pe\/ingles\/wp-json\/wp\/v2\/posts\/4315","targetHints":{"allow":["GET"]}}],"collection":[{"href":"https:\/\/derechosinfronteras.pe\/ingles\/wp-json\/wp\/v2\/posts"}],"about":[{"href":"https:\/\/derechosinfronteras.pe\/ingles\/wp-json\/wp\/v2\/types\/post"}],"author":[{"embeddable":true,"href":"https:\/\/derechosinfronteras.pe\/ingles\/wp-json\/wp\/v2\/users\/1"}],"replies":[{"embeddable":true,"href":"https:\/\/derechosinfronteras.pe\/ingles\/wp-json\/wp\/v2\/comments?post=4315"}],"version-history":[{"count":0,"href":"https:\/\/derechosinfronteras.pe\/ingles\/wp-json\/wp\/v2\/posts\/4315\/revisions"}],"wp:featuredmedia":[{"embeddable":true,"href":"https:\/\/derechosinfronteras.pe\/ingles\/wp-json\/wp\/v2\/media\/4316"}],"wp:attachment":[{"href":"https:\/\/derechosinfronteras.pe\/ingles\/wp-json\/wp\/v2\/media?parent=4315"}],"wp:term":[{"taxonomy":"category","embeddable":true,"href":"https:\/\/derechosinfronteras.pe\/ingles\/wp-json\/wp\/v2\/categories?post=4315"},{"taxonomy":"post_tag","embeddable":true,"href":"https:\/\/derechosinfronteras.pe\/ingles\/wp-json\/wp\/v2\/tags?post=4315"}],"curies":[{"name":"wp","href":"https:\/\/api.w.org\/{rel}","templated":true}]}}