{"id":4319,"date":"2019-07-15T16:59:12","date_gmt":"2019-07-15T21:59:12","guid":{"rendered":"http:\/\/derechosinfronteras.pe\/?p=4955"},"modified":"2019-07-15T16:59:12","modified_gmt":"2019-07-15T21:59:12","slug":"foro-sobre-ordenamiento-territorial-en-cusco-conclusiones-y-reflexiones","status":"publish","type":"post","link":"https:\/\/derechosinfronteras.pe\/ingles\/foro-sobre-ordenamiento-territorial-en-cusco-conclusiones-y-reflexiones\/","title":{"rendered":"Foro sobre ordenamiento territorial en Cusco: conclusiones y reflexiones"},"content":{"rendered":"<p>\u00bfQui\u00e9n decide c\u00f3mo se ordena el territorio de Cusco?. El pasado 11 de julio, Derechos Humanos sin Fronteras, CooperAcci\u00f3n y Cedep Ayllu organizaron el <strong>Foro Regional: Situaci\u00f3n del Ordenamiento Territorial en Cusco,\u00a0<\/strong>en el cual participaron\u00a0representantes de comunidades y organizaciones de la sociedad civil. El espacio sirvi\u00f3 para discutir y reflexionar la actual situaci\u00f3n del Ordenamiento Territorial a nivel nacional, en el departamento del Cusco y en sus distritos y comunidades.<\/p>\n<p>Especialistas, dirigentes, lideresas y estudiantes aportaron a la construcci\u00f3n de un documento que sistematiz\u00f3 las principales conclusiones y reflexiones del Foro:<\/p>\n<p style=\"margin: 12px auto 6px auto; font-family: Helvetica,Arial,Sans-serif; font-style: normal; font-variant: normal; font-weight: normal; font-size: 14px; line-height: normal; font-size-adjust: none; font-stretch: normal; -x-system-font: none; display: block;\"><a style=\"text-decoration: underline;\" title=\"View Foro OT Documento Sintesis y Conclusiones on Scribd\" href=\"https:\/\/www.scribd.com\/document\/417592563\/Foro-OT-Documento-Sintesis-y-Conclusiones#from_embed\" target=\"_blank\" rel=\"noopener\">Foro OT Documento Sintesis y Conclusiones<\/a> by <a style=\"text-decoration: underline;\" title=\"View Derechos Humanos Cusco&#039;s profile on Scribd\" href=\"https:\/\/www.scribd.com\/user\/319042434\/Derechos-Humanos-Cusco#from_embed\" target=\"_blank\" rel=\"noopener\">Derechos Humanos Cusco<\/a> on Scribd<\/p>\n<p><iframe id=\"doc_90171\" class=\"scribd_iframe_embed\" title=\"Foro OT Documento Sintesis y Conclusiones\" src=\"https:\/\/es.scribd.com\/embeds\/417592563\/content?start_page=1&amp;view_mode=scroll&amp;access_key=key-hcfNjDW5thjU85TCeOaR&amp;show_recommendations=true\" width=\"100%\" height=\"600\" frameborder=\"0\" scrolling=\"no\" data-auto-height=\"false\" data-aspect-ratio=\"0.7729220222793488\"><\/iframe><\/p>\n<p>Haz click <a href=\"https:\/\/es.scribd.com\/document\/417592563\/Foro-OT-Documento-Sintesis-y-Conclusiones\" target=\"_blank\" rel=\"noopener\">aqu\u00ed<\/a> para descargar el documento.<\/p>","protected":false},"excerpt":{"rendered":"<p>\u00bfQui\u00e9n decide c\u00f3mo se ordena el territorio de Cusco?. El pasado 11 de julio, Derechos Humanos sin Fronteras, CooperAcci\u00f3n y Cedep Ayllu organizaron el Foro Regional: Situaci\u00f3n del Ordenamiento Territorial en Cusco,\u00a0en el cual participaron\u00a0representantes de comunidades y organizaciones de la sociedad civil. El espacio sirvi\u00f3 para discutir y reflexionar la actual situaci\u00f3n del Ordenamiento [&hellip;]<\/p>\n","protected":false},"author":1,"featured_media":4320,"comment_status":"open","ping_status":"open","sticky":false,"template":"","format":"standard","meta":{"_monsterinsights_skip_tracking":false,"_monsterinsights_sitenote_active":false,"_monsterinsights_sitenote_note":"","_monsterinsights_sitenote_category":0,"_jetpack_memberships_contains_paid_content":false,"footnotes":"","jetpack_publicize_message":"","jetpack_publicize_feature_enabled":true,"jetpack_social_post_already_shared":false,"jetpack_social_options":{"image_generator_settings":{"template":"highway","default_image_id":0,"font":"","enabled":false},"version":2}},"categories":[1],"tags":[],"class_list":["post-4319","post","type-post","status-publish","format-standard","has-post-thumbnail","hentry","category-sin-categoria"],"blocksy_meta":[],"jetpack_publicize_connections":[],"jetpack_featured_media_url":"https:\/\/derechosinfronteras.pe\/wp-content\/uploads\/2019\/07\/OT-Conclusiones.jpg","jetpack_sharing_enabled":true,"jetpack_likes_enabled":true,"_links":{"self":[{"href":"https:\/\/derechosinfronteras.pe\/ingles\/wp-json\/wp\/v2\/posts\/4319","targetHints":{"allow":["GET"]}}],"collection":[{"href":"https:\/\/derechosinfronteras.pe\/ingles\/wp-json\/wp\/v2\/posts"}],"about":[{"href":"https:\/\/derechosinfronteras.pe\/ingles\/wp-json\/wp\/v2\/types\/post"}],"author":[{"embeddable":true,"href":"https:\/\/derechosinfronteras.pe\/ingles\/wp-json\/wp\/v2\/users\/1"}],"replies":[{"embeddable":true,"href":"https:\/\/derechosinfronteras.pe\/ingles\/wp-json\/wp\/v2\/comments?post=4319"}],"version-history":[{"count":0,"href":"https:\/\/derechosinfronteras.pe\/ingles\/wp-json\/wp\/v2\/posts\/4319\/revisions"}],"wp:featuredmedia":[{"embeddable":true,"href":"https:\/\/derechosinfronteras.pe\/ingles\/wp-json\/wp\/v2\/media\/4320"}],"wp:attachment":[{"href":"https:\/\/derechosinfronteras.pe\/ingles\/wp-json\/wp\/v2\/media?parent=4319"}],"wp:term":[{"taxonomy":"category","embeddable":true,"href":"https:\/\/derechosinfronteras.pe\/ingles\/wp-json\/wp\/v2\/categories?post=4319"},{"taxonomy":"post_tag","embeddable":true,"href":"https:\/\/derechosinfronteras.pe\/ingles\/wp-json\/wp\/v2\/tags?post=4319"}],"curies":[{"name":"wp","href":"https:\/\/api.w.org\/{rel}","templated":true}]}}