{"id":4321,"date":"2019-07-10T18:24:26","date_gmt":"2019-07-10T23:24:26","guid":{"rendered":"http:\/\/derechosinfronteras.pe\/?p=4949"},"modified":"2019-07-10T18:24:26","modified_gmt":"2019-07-10T23:24:26","slug":"organizaciones-de-la-sociedad-civil-realizaran-foro-sobre-ordenamiento-territorial-en-cusco","status":"publish","type":"post","link":"https:\/\/derechosinfronteras.pe\/ingles\/organizaciones-de-la-sociedad-civil-realizaran-foro-sobre-ordenamiento-territorial-en-cusco\/","title":{"rendered":"Organizaciones de la sociedad civil realizar\u00e1n Foro sobre ordenamiento territorial en Cusco"},"content":{"rendered":"<p>\u00bfQui\u00e9n decide c\u00f3mo se ordena el territorio de Cusco? Este jueves 11 de julio, representantes de comunidades y organizaciones de la sociedad civil discutir\u00e1n la actual situaci\u00f3n del Ordenamiento Territorial a nivel nacional, en el departamento del Cusco y en sus distritos y comunidades. <strong><em>El Foro se realizar\u00e1 desde las 8:30 A.M. en el Centro de Convenciones de la Municipalidad del Cusco<\/em><\/strong>.<\/p>\n<p>En el 2018, la Monta\u00f1a de Siete Colores (Vinicunca), ubicada entre los distritos de Pitumarca (provincia de Canchis) y Cusipata (provincia de Quispicanchi) en el departamento del Cusco, se convirti\u00f3 en el caso m\u00e1s visible a nivel nacional de la desconexi\u00f3n que existe entre el sistema de planificaci\u00f3n territorial y el otorgamiento de t\u00edtulos, al ser concesionada a una empresa minera canadiense. El caso sirvi\u00f3 para evidenciar, adem\u00e1s, la base de una de las causas principales de los conflictos sociales por el uso del territorio.<\/p>\n<p>Este hecho mostr\u00f3 la poca importancia que tienen los instrumentos de planificaci\u00f3n territorial para los funcionarios p\u00fablicos en la toma de decisiones que afectan directamente a los territorios y, especialmente, a quienes habitan las comunidades ind\u00edgenas. A un a\u00f1o de haberse conocido el caso mencionado, es necesario que conozcamos la situaci\u00f3n del proceso de ordenamiento territorial en la regi\u00f3n del Cusco, sus provincias, distritos y comunidades; y escuchemos de la voz de los mismos actores y agentes del territorio en qu\u00e9 momento de la implementaci\u00f3n del proceso nos encontramos.<\/p>\n<p>En este sentido, Cedep Ayllu, CooperAcci\u00f3n y Derechos Humanos Sin Fronteras organizan el <strong>Foro Regional \u201cSituaci\u00f3n del Ordenamiento Territorial en Cusco: Balance y Perspectivas\u201d<\/strong>, un espacio para contribuir al debate en la construcci\u00f3n de una visi\u00f3n concertada de la naturaleza y los alcances del proceso de ordenamiento territorial.<\/p>\n<p><u>Datos del evento: <\/u><\/p>\n<p><strong>D\u00eda: <\/strong>jueves 11 de julio<br \/>\n<strong>Hora:<\/strong> 8:30 a.m.<br \/>\n<strong>Lugar:<\/strong> Centro de Convenciones de la Municipalidad Provincial \u2013 Cusco<\/p>\n<p>Evento en Facebook: <a href=\"http:\/\/bit.ly\/2XNy4Wd\" target=\"_blank\" rel=\"noopener\">http:\/\/bit.ly\/2XNy4Wd<\/a><\/p>\n<p>&nbsp;<\/p>\n<p><strong>EL INGRESO ES LIBRE A TODO EL P\u00daBLICO<\/strong><\/p>","protected":false},"excerpt":{"rendered":"<p>\u00bfQui\u00e9n decide c\u00f3mo se ordena el territorio de Cusco? Este jueves 11 de julio, representantes de comunidades y organizaciones de la sociedad civil discutir\u00e1n la actual situaci\u00f3n del Ordenamiento Territorial a nivel nacional, en el departamento del Cusco y en sus distritos y comunidades. El Foro se realizar\u00e1 desde las 8:30 A.M. en el Centro [&hellip;]<\/p>\n","protected":false},"author":1,"featured_media":4322,"comment_status":"open","ping_status":"open","sticky":false,"template":"","format":"standard","meta":{"_monsterinsights_skip_tracking":false,"_monsterinsights_sitenote_active":false,"_monsterinsights_sitenote_note":"","_monsterinsights_sitenote_category":0,"_jetpack_memberships_contains_paid_content":false,"footnotes":"","jetpack_publicize_message":"","jetpack_publicize_feature_enabled":true,"jetpack_social_post_already_shared":false,"jetpack_social_options":{"image_generator_settings":{"template":"highway","default_image_id":0,"font":"","enabled":false},"version":2}},"categories":[1],"tags":[],"class_list":["post-4321","post","type-post","status-publish","format-standard","has-post-thumbnail","hentry","category-sin-categoria"],"blocksy_meta":[],"jetpack_publicize_connections":[],"jetpack_featured_media_url":"https:\/\/derechosinfronteras.pe\/wp-content\/uploads\/2019\/07\/65986546_2223091531142696_2353416936022343680_n.jpg","jetpack_sharing_enabled":true,"jetpack_likes_enabled":true,"_links":{"self":[{"href":"https:\/\/derechosinfronteras.pe\/ingles\/wp-json\/wp\/v2\/posts\/4321","targetHints":{"allow":["GET"]}}],"collection":[{"href":"https:\/\/derechosinfronteras.pe\/ingles\/wp-json\/wp\/v2\/posts"}],"about":[{"href":"https:\/\/derechosinfronteras.pe\/ingles\/wp-json\/wp\/v2\/types\/post"}],"author":[{"embeddable":true,"href":"https:\/\/derechosinfronteras.pe\/ingles\/wp-json\/wp\/v2\/users\/1"}],"replies":[{"embeddable":true,"href":"https:\/\/derechosinfronteras.pe\/ingles\/wp-json\/wp\/v2\/comments?post=4321"}],"version-history":[{"count":0,"href":"https:\/\/derechosinfronteras.pe\/ingles\/wp-json\/wp\/v2\/posts\/4321\/revisions"}],"wp:featuredmedia":[{"embeddable":true,"href":"https:\/\/derechosinfronteras.pe\/ingles\/wp-json\/wp\/v2\/media\/4322"}],"wp:attachment":[{"href":"https:\/\/derechosinfronteras.pe\/ingles\/wp-json\/wp\/v2\/media?parent=4321"}],"wp:term":[{"taxonomy":"category","embeddable":true,"href":"https:\/\/derechosinfronteras.pe\/ingles\/wp-json\/wp\/v2\/categories?post=4321"},{"taxonomy":"post_tag","embeddable":true,"href":"https:\/\/derechosinfronteras.pe\/ingles\/wp-json\/wp\/v2\/tags?post=4321"}],"curies":[{"name":"wp","href":"https:\/\/api.w.org\/{rel}","templated":true}]}}