{"id":4323,"date":"2019-07-10T17:00:01","date_gmt":"2019-07-10T22:00:01","guid":{"rendered":"http:\/\/derechosinfronteras.pe\/?p=4944"},"modified":"2019-07-10T17:00:01","modified_gmt":"2019-07-10T22:00:01","slug":"tia-maria-anuncian-paro-indefinido-desde-el-15-de-julio","status":"publish","type":"post","link":"https:\/\/derechosinfronteras.pe\/ingles\/tia-maria-anuncian-paro-indefinido-desde-el-15-de-julio\/","title":{"rendered":"T\u00eda Mar\u00eda: Anuncian paro indefinido desde el 15 de julio"},"content":{"rendered":"<p>Ayer, martes 09, los pobladores del distrito de Cocachacra, en la provincia de Islay, realizaron una movilizaci\u00f3n y asamblea en la que se acord\u00f3 la realizaci\u00f3n de un <em><strong>paro indefinido desde el 15 de julio<\/strong><\/em>, tras hacerse p\u00fablico el otorgamiento de la licencia a Southern Per\u00fa Copper Corporation para la construcci\u00f3n del proyecto minero T\u00eda Mar\u00eda.<a href=\"https:\/\/elcomercio.pe\/noticias\/tia-maria\" target=\"_blank\" rel=\"noopener\"><strong><br \/>\n<\/strong><\/a><\/p>\n<p>Adem\u00e1s, los alcaldes distritales de la provincia de Islay redactaron y firmaron una carta al presidente de la Rep\u00fablica, Mart\u00edn Vizcarra, manifestado su malestar por la entrega de la licencia de parte del Estado a la empresa minera, responsabilizando<em> \u00aba su gobierno y funcionarios del sector de los conflictos que puedan ocurrir\u00bb<\/em>.<\/p>\n<p>El gobernador regional de Arequipa, \u00c9lmer C\u00e1ceres Llica, lament\u00f3 que el gobierno nacional haya incumplido su compromiso de enviar al Presidente del Consejo de Ministros y que haya entregado la licencia de construcci\u00f3n porque <em>\u201cno se ha establecido el mecanismo de di\u00e1logo necesario\u201d<\/em> con la poblaci\u00f3n. As\u00ed mismo, emplaz\u00f3 al presidente Mart\u00edn Vizcarra a viajar a la provincia de Islay en las pr\u00f3ximas horas a fin de <em>\u201cconocer la postura de los pobladores\u201d<\/em>.<\/p>\n<p><img fetchpriority=\"high\" decoding=\"async\" class=\"aligncenter size-full wp-image-4945\" src=\"http:\/\/derechosinfronteras.pe\/wp-content\/uploads\/2019\/07\/pronunciamiento-del-GORE-Arequipa.jpg\" alt=\"\" width=\"960\" height=\"960\" \/><\/p>\n<p>Por su parte, la empresa minera anunci\u00f3, mediante sus redes sociales, haber recibido la autorizaci\u00f3n del Estado para la construcci\u00f3n del proyecto de cobre y manifest\u00f3 su <em>\u201ccompromiso de no iniciar la construcci\u00f3n del proyecto sin antes generar, en coordinaci\u00f3n con el Ejecutivo, espacios de di\u00e1logo (\u2026) para lograr un contexto social m\u00e1s favorable\u201d<\/em>.<\/p>\n<p><img decoding=\"async\" class=\"aligncenter size-full wp-image-4946\" src=\"http:\/\/derechosinfronteras.pe\/wp-content\/uploads\/2019\/07\/66463270_2148657565426635_4127219256536334336_n.jpg\" alt=\"\" width=\"742\" height=\"960\" \/><\/p>\n<p>Adem\u00e1s, diversos medios de comunicaci\u00f3n anunciaron que entre 200 y 400 polic\u00edas han sido enviados al Valle del Tambo ante el inicio de las manifestaciones y el anuncio del paro indefinido. Estos efectivos se sumar\u00edan a los otros 174 polic\u00edas de las 7 comisar\u00edas que existen en la provincia de Islay.<\/p>\n<p>Cabe recordar que, en el 2015, la poblaci\u00f3n del Valle del Tambo se manifest\u00f3 contra este proyecto y, a causa del conflicto, fallecieron 3 civiles y 1 polic\u00eda.<\/p>","protected":false},"excerpt":{"rendered":"<p>Ayer, martes 09, los pobladores del distrito de Cocachacra, en la provincia de Islay, realizaron una movilizaci\u00f3n y asamblea en la que se acord\u00f3 la realizaci\u00f3n de un paro indefinido desde el 15 de julio, tras hacerse p\u00fablico el otorgamiento de la licencia a Southern Per\u00fa Copper Corporation para la construcci\u00f3n del proyecto minero T\u00eda [&hellip;]<\/p>\n","protected":false},"author":1,"featured_media":4324,"comment_status":"open","ping_status":"open","sticky":false,"template":"","format":"standard","meta":{"_monsterinsights_skip_tracking":false,"_monsterinsights_sitenote_active":false,"_monsterinsights_sitenote_note":"","_monsterinsights_sitenote_category":0,"_jetpack_memberships_contains_paid_content":false,"footnotes":"","jetpack_publicize_message":"","jetpack_publicize_feature_enabled":true,"jetpack_social_post_already_shared":false,"jetpack_social_options":{"image_generator_settings":{"template":"highway","default_image_id":0,"font":"","enabled":false},"version":2}},"categories":[1],"tags":[],"class_list":["post-4323","post","type-post","status-publish","format-standard","has-post-thumbnail","hentry","category-sin-categoria"],"blocksy_meta":[],"jetpack_publicize_connections":[],"jetpack_featured_media_url":"https:\/\/derechosinfronteras.pe\/wp-content\/uploads\/2019\/07\/5d254f14c00a0.jpeg","jetpack_sharing_enabled":true,"jetpack_likes_enabled":true,"_links":{"self":[{"href":"https:\/\/derechosinfronteras.pe\/ingles\/wp-json\/wp\/v2\/posts\/4323","targetHints":{"allow":["GET"]}}],"collection":[{"href":"https:\/\/derechosinfronteras.pe\/ingles\/wp-json\/wp\/v2\/posts"}],"about":[{"href":"https:\/\/derechosinfronteras.pe\/ingles\/wp-json\/wp\/v2\/types\/post"}],"author":[{"embeddable":true,"href":"https:\/\/derechosinfronteras.pe\/ingles\/wp-json\/wp\/v2\/users\/1"}],"replies":[{"embeddable":true,"href":"https:\/\/derechosinfronteras.pe\/ingles\/wp-json\/wp\/v2\/comments?post=4323"}],"version-history":[{"count":0,"href":"https:\/\/derechosinfronteras.pe\/ingles\/wp-json\/wp\/v2\/posts\/4323\/revisions"}],"wp:featuredmedia":[{"embeddable":true,"href":"https:\/\/derechosinfronteras.pe\/ingles\/wp-json\/wp\/v2\/media\/4324"}],"wp:attachment":[{"href":"https:\/\/derechosinfronteras.pe\/ingles\/wp-json\/wp\/v2\/media?parent=4323"}],"wp:term":[{"taxonomy":"category","embeddable":true,"href":"https:\/\/derechosinfronteras.pe\/ingles\/wp-json\/wp\/v2\/categories?post=4323"},{"taxonomy":"post_tag","embeddable":true,"href":"https:\/\/derechosinfronteras.pe\/ingles\/wp-json\/wp\/v2\/tags?post=4323"}],"curies":[{"name":"wp","href":"https:\/\/api.w.org\/{rel}","templated":true}]}}