{"id":4327,"date":"2019-07-09T17:35:08","date_gmt":"2019-07-09T22:35:08","guid":{"rendered":"http:\/\/derechosinfronteras.pe\/?p=4937"},"modified":"2019-07-09T17:35:08","modified_gmt":"2019-07-09T22:35:08","slug":"una-larga-espera-ejecutivo-no-agiliza-atencion-a-poblaciones-afectadas-a-su-salud-por-metales-toxicos","status":"publish","type":"post","link":"https:\/\/derechosinfronteras.pe\/ingles\/una-larga-espera-ejecutivo-no-agiliza-atencion-a-poblaciones-afectadas-a-su-salud-por-metales-toxicos\/","title":{"rendered":"Una larga espera, Ejecutivo no agiliza atenci\u00f3n a poblaciones afectadas a su salud por metales t\u00f3xicos"},"content":{"rendered":"<p>El gobierno de Mart\u00edn Vizcarra todav\u00eda no da gestos de voluntad pol\u00edtica para atender a las poblaciones afectadas a su salud por contaminaci\u00f3n de metales t\u00f3xicos, no hay avances significativos en la conformaci\u00f3n de una comisi\u00f3n multisectorial que trabaje codo a codo con las comunidades -afectadas- originarias e ind\u00edgenas para implementar una pol\u00edtica de atenci\u00f3n y prevenci\u00f3n, el Ministerio de Salud ha estimado que a nivel nacional hay 7 mil casos de poblaci\u00f3n expuesta a metales pesados, los datos son alarmantes.<\/p>\n<p>A inicio de semana, la comisi\u00f3n de Pueblos Andinos, Amaz\u00f3nicos, Afroperuanos, Ambiente y Ecolog\u00eda (CPAAAAE) presidida por el congresista cusque\u00f1o Wilbert Rozas realiz\u00f3 la cuarta audiencia p\u00fablica sobre \u201cAvances para la prevenci\u00f3n y atenci\u00f3n integral de la afectaci\u00f3n de la salud por contaminaci\u00f3n con metales pesados y otros asociados a miner\u00eda e hidrocarburos\u201d, hasta Lima llegaron delegaciones de once regiones del pa\u00eds para escuchar a la diferentes instancias del gobierno respecto a sus avances y pol\u00edticas.<\/p>\n<p>Dentro de los congresistas y funcionarios que acompa\u00f1aron en la mesa al presidente de la CPAAAAE estuvieron el congresista Humberto Morales, Pedro Olachea, Marco Arana, Tania Pariona, el viceministro de Energ\u00eda y Minas Eduardo Guevara, representante de la Presidencia del Consejo de Ministros, y el Alcalde del distrito de Chugur \u2013 Bambamarca, Defensor\u00eda del Pueblo, entre otros funcionarios; cabe resaltar que para este evento se invit\u00f3 al premier Salvador del Solar sin embargo este no particip\u00f3.<\/p>\n<figure id=\"attachment_4939\" aria-describedby=\"caption-attachment-4939\" style=\"width: 800px\" class=\"wp-caption aligncenter\"><img fetchpriority=\"high\" decoding=\"async\" class=\"wp-image-4939 size-full\" src=\"http:\/\/derechosinfronteras.pe\/wp-content\/uploads\/2019\/07\/comi.jpg\" alt=\"\" width=\"800\" height=\"533\" \/><figcaption id=\"caption-attachment-4939\" class=\"wp-caption-text\">Foto: Audiencia P\u00fablica de la Comisi\u00f3n de Pueblos Andinos, Amaz\u00f3nicos, Afroperuanos, Ambiente y Ecolog\u00eda &#8211; Congreso de la Rep\u00fablica<\/figcaption><\/figure>\n<p>Tras la participaci\u00f3n de los funcionarios del gobierno, la voz de las poblaciones afectadas no se hizo esperar, Ceferino Kana, poblador de la comunidad campesina de Huisa, Espinar\/Cusco manifest\u00f3 qu\u00e9 durante muchos a\u00f1os, los afectados por metales vienen exigiendo a las autoridades una atenci\u00f3n a su salud, la convivencia con las empresas mineras no ha sido preocupaci\u00f3n de nadie. En la misma l\u00ednea, desde Amazonas\/Chiriaco, Teresa Yunuc indic\u00f3 que ninguna autoridad podr\u00eda vivir en las condiciones en las que ellos viven, otra participaci\u00f3n potente fue del alcalde, Jos\u00e9 Vargas de Chugur \u2013 Bambamarca\/Cajamarca, se\u00f1al\u00f3 que su participaci\u00f3n era como autoridad, pero tambi\u00e9n como padre de familia afectado por la presencia de metales t\u00f3xicos, su menor hija es una de las afectadas.<\/p>\n<p>Ante el informe y desarrollo de la audiencia p\u00fablica, Yolanda Zurita, vocera actual de la Plataforma Nacional de afectados de salud indic\u00f3 que se siente decepcionada porque esperaban avances significativos en la atenci\u00f3n de sus demandas. Ante ese escenario la vocera refiri\u00f3 que seguir\u00e1n insistiendo en la conformaci\u00f3n de la comisi\u00f3n multisectorial presidida por la PCM, el MINEM, MINSA, MINAM y todos los ministerios involucrados, para que se pueda garantizar la atenci\u00f3n a sus reclamos.<\/p>\n<p>Los representantes de la mesa t\u00e9cnica de la plataforma nacional de afectados Mario Zu\u00f1iga (zona amaz\u00f3nica) y Karem Luque (zona andina) emplazaron a la PCM a instalar y convocar a los diferentes ministerios para que as\u00ed se implemente la comisi\u00f3n multisectorial, y no sigan solo implementando \u201cestados de emergencia\u201d cuando se desaten protestas en las zonas de afectaci\u00f3n.<\/p>\n<h3><strong>Los Datos son alarmantes:<\/strong><\/h3>\n<p>En la audiencia p\u00fablica se inform\u00f3 que -de acuerdo a los resultados de vigilancia epidemiol\u00f3gica que realizo el MINSA- se tiene una poblaci\u00f3n expuesta a metales t\u00f3xicos de 7 mil casos en los que encabeza la Regi\u00f3n Pasco con 2,897 casos, Regi\u00f3n Callao 1,970 casos, Jun\u00edn con 925 casos, y en cuarto lugar la Regi\u00f3n Cusco con 923 casos, siendo las poblaciones m\u00e1s vulnerables<a href=\"#_ftn1\" name=\"_ftnref1\">[1]<\/a> los ni\u00f1os\/as, mujeres embarazadas, pueblos ind\u00edgenas\/originarios y con pertinencia cultural.<\/p>\n<p>Para el caso Espinar en los distritos de Yauri y Pallpata por la presencia de miner\u00eda a tajo abierto se tienen se realizaron 2 tamizajes puntuales, el 2013 a 180 personas de las comunidades de Huisa y alto Huancan\u00e9 y el 2017 a 896 personas de toda la provincia haciendo un promedio de 1076 personas tamizadas y que evidencian exposici\u00f3n a 6 metales en los 2 casos, en el dosaje del 2017 se encontr\u00f3 la presencia de minerales en la orina por encima de los valores referenciales como el caso del ars\u00e9nico (80%), mercurio (0.4%) y cadmio (1.9%). Cabe resaltar que estos datos se obtuvieron por informaci\u00f3n que facilit\u00f3 Derechos Humanos Sin Fronteras, IDL, CooperAcci\u00f3n y las declaraciones de la ministra de Salud Zulema Tomas durante una exposici\u00f3n en la CPAAAAE.<\/p>\n<p><a href=\"#_ftnref1\" name=\"_ftn1\">[1]<\/a> Tal como lo indica el documento de Lineamientos de Pol\u00edtica Sectorial del MINSA (R.M. 979 \u2013 2018\/MINSA)<\/p>\n","protected":false},"excerpt":{"rendered":"<p>El gobierno de Mart\u00edn Vizcarra todav\u00eda no da gestos de voluntad pol\u00edtica para atender a las poblaciones afectadas a su salud por contaminaci\u00f3n de metales t\u00f3xicos, no hay avances significativos en la conformaci\u00f3n de una comisi\u00f3n multisectorial que trabaje codo a codo con las comunidades -afectadas- originarias e ind\u00edgenas para implementar una pol\u00edtica de atenci\u00f3n [&hellip;]<\/p>\n","protected":false},"author":1,"featured_media":4328,"comment_status":"open","ping_status":"open","sticky":false,"template":"","format":"standard","meta":{"_monsterinsights_skip_tracking":false,"_monsterinsights_sitenote_active":false,"_monsterinsights_sitenote_note":"","_monsterinsights_sitenote_category":0,"_jetpack_memberships_contains_paid_content":false,"footnotes":"","jetpack_publicize_message":"","jetpack_publicize_feature_enabled":true,"jetpack_social_post_already_shared":false,"jetpack_social_options":{"image_generator_settings":{"template":"highway","default_image_id":0,"font":"","enabled":false},"version":2}},"categories":[1],"tags":[],"class_list":["post-4327","post","type-post","status-publish","format-standard","has-post-thumbnail","hentry","category-sin-categoria"],"blocksy_meta":[],"jetpack_publicize_connections":[],"jetpack_featured_media_url":"https:\/\/derechosinfronteras.pe\/wp-content\/uploads\/2019\/07\/muqui.jpg","jetpack_sharing_enabled":true,"jetpack_likes_enabled":true,"_links":{"self":[{"href":"https:\/\/derechosinfronteras.pe\/ingles\/wp-json\/wp\/v2\/posts\/4327","targetHints":{"allow":["GET"]}}],"collection":[{"href":"https:\/\/derechosinfronteras.pe\/ingles\/wp-json\/wp\/v2\/posts"}],"about":[{"href":"https:\/\/derechosinfronteras.pe\/ingles\/wp-json\/wp\/v2\/types\/post"}],"author":[{"embeddable":true,"href":"https:\/\/derechosinfronteras.pe\/ingles\/wp-json\/wp\/v2\/users\/1"}],"replies":[{"embeddable":true,"href":"https:\/\/derechosinfronteras.pe\/ingles\/wp-json\/wp\/v2\/comments?post=4327"}],"version-history":[{"count":0,"href":"https:\/\/derechosinfronteras.pe\/ingles\/wp-json\/wp\/v2\/posts\/4327\/revisions"}],"wp:featuredmedia":[{"embeddable":true,"href":"https:\/\/derechosinfronteras.pe\/ingles\/wp-json\/wp\/v2\/media\/4328"}],"wp:attachment":[{"href":"https:\/\/derechosinfronteras.pe\/ingles\/wp-json\/wp\/v2\/media?parent=4327"}],"wp:term":[{"taxonomy":"category","embeddable":true,"href":"https:\/\/derechosinfronteras.pe\/ingles\/wp-json\/wp\/v2\/categories?post=4327"},{"taxonomy":"post_tag","embeddable":true,"href":"https:\/\/derechosinfronteras.pe\/ingles\/wp-json\/wp\/v2\/tags?post=4327"}],"curies":[{"name":"wp","href":"https:\/\/api.w.org\/{rel}","templated":true}]}}