{"id":4330,"date":"2019-07-08T19:09:24","date_gmt":"2019-07-09T00:09:24","guid":{"rendered":"http:\/\/derechosinfronteras.pe\/?p=4933"},"modified":"2019-07-08T19:09:24","modified_gmt":"2019-07-09T00:09:24","slug":"espinar-odecma-ratifica-sancion-contra-juez-por-retrasar-sentencia-de-comunidades","status":"publish","type":"post","link":"https:\/\/derechosinfronteras.pe\/ingles\/espinar-odecma-ratifica-sancion-contra-juez-por-retrasar-sentencia-de-comunidades\/","title":{"rendered":"Espinar: ODECMA ratifica sanci\u00f3n contra juez por retrasar sentencia a favor comunidades"},"content":{"rendered":"<p>08 de julio. La Jefatura de la Unidad de Quejas de la <strong>Oficina Desconcentrada de Control de la Magistratura Cusco<\/strong> ha notificado, el pasado 28 de junio, la Resoluci\u00f3n Final en la cual ratifica la sanci\u00f3n contra el Magistrado<strong> Edwin Florencio Cruz Dom\u00ednguez<\/strong> en su actuaci\u00f3n como Juez Supernumerario del Juzgado Mixto de Espinar, imponi\u00e9ndole la sanci\u00f3n disciplinaria de multa del 10% de su remuneraci\u00f3n mensual total, debido al retraso en la atenci\u00f3n a demandas de las comunidades originarias de la provincia cusque\u00f1a.<\/p>\n<p>Cabe recordar que el 3 de mayo de 2018, la <strong>Federaci\u00f3n Unificada de Campesinos de la Provincia de Espinar \u2013 FUCAE<\/strong> puso de conocimiento de la presidencia de la Corte Superior de Justicia de Cusco el presunto retardo en la administraci\u00f3n de los Procesos Constitucionales N\u00b0 82-2015, 133-2015 y 310-2017, demandas que fueron presentadas en el Juzgado mixto de Espinar, exigiendo al Estado cumplir con la atenci\u00f3n de salud de la poblaci\u00f3n afectada con metales t\u00f3xicos (ars\u00e9nico, mercurio, plomo y cadmio) muy a pesar de su car\u00e1cter urgente y la sistem\u00e1tica omisi\u00f3n de consulta previa. Hasta la fecha pasaron m\u00e1s 4 a\u00f1os sin pronunciamiento del Juzgado.<\/p>\n<p>La fundamentaci\u00f3n de la resoluci\u00f3n que sanciona al magistrado precisa que \u201c\u2026el Magistrado investigado registra una amonestaci\u00f3n vigente, conforme se tiene del Record de Medidas Disciplinarias\u2026. que su omisi\u00f3n viene generando grave retardo en dos procesos constitucionales que merecen atenci\u00f3n c\u00e9lere, prioritaria y preferente, ya que en ambos se debate el derecho fundamental a la salud; sumado a que pese a haber sido v\u00e1lidamente emplazado con la resoluci\u00f3n de inicio del presente proceso administrativo disciplinario\u2026 no procur\u00f3 la emisi\u00f3n del pronunciamiento respectivo en forma inmediata\u201d.<\/p>\n<p>La poblaci\u00f3n afectada acudi\u00f3 al sistema de justicia con la finalidad de ser escuchados, y que el Estado intervenga para velar por sus derechos fundamentales, sin embargo, se demoran a\u00f1os en resolver acciones judiciales concretas, vulnerando doblemente las afectaciones de derechos que sufren las comunidades en Espinar.<\/p>","protected":false},"excerpt":{"rendered":"<p>08 de julio. La Jefatura de la Unidad de Quejas de la Oficina Desconcentrada de Control de la Magistratura Cusco ha notificado, el pasado 28 de junio, la Resoluci\u00f3n Final en la cual ratifica la sanci\u00f3n contra el Magistrado Edwin Florencio Cruz Dom\u00ednguez en su actuaci\u00f3n como Juez Supernumerario del Juzgado Mixto de Espinar, imponi\u00e9ndole [&hellip;]<\/p>\n","protected":false},"author":1,"featured_media":4331,"comment_status":"open","ping_status":"open","sticky":false,"template":"","format":"standard","meta":{"_monsterinsights_skip_tracking":false,"_monsterinsights_sitenote_active":false,"_monsterinsights_sitenote_note":"","_monsterinsights_sitenote_category":0,"_jetpack_memberships_contains_paid_content":false,"footnotes":"","jetpack_publicize_message":"","jetpack_publicize_feature_enabled":true,"jetpack_social_post_already_shared":false,"jetpack_social_options":{"image_generator_settings":{"template":"highway","default_image_id":0,"font":"","enabled":false},"version":2}},"categories":[1],"tags":[],"class_list":["post-4330","post","type-post","status-publish","format-standard","has-post-thumbnail","hentry","category-sin-categoria"],"blocksy_meta":[],"jetpack_publicize_connections":[],"jetpack_featured_media_url":"https:\/\/derechosinfronteras.pe\/wp-content\/uploads\/2017\/11\/Fudie.jpg","jetpack_sharing_enabled":true,"jetpack_likes_enabled":true,"_links":{"self":[{"href":"https:\/\/derechosinfronteras.pe\/ingles\/wp-json\/wp\/v2\/posts\/4330","targetHints":{"allow":["GET"]}}],"collection":[{"href":"https:\/\/derechosinfronteras.pe\/ingles\/wp-json\/wp\/v2\/posts"}],"about":[{"href":"https:\/\/derechosinfronteras.pe\/ingles\/wp-json\/wp\/v2\/types\/post"}],"author":[{"embeddable":true,"href":"https:\/\/derechosinfronteras.pe\/ingles\/wp-json\/wp\/v2\/users\/1"}],"replies":[{"embeddable":true,"href":"https:\/\/derechosinfronteras.pe\/ingles\/wp-json\/wp\/v2\/comments?post=4330"}],"version-history":[{"count":0,"href":"https:\/\/derechosinfronteras.pe\/ingles\/wp-json\/wp\/v2\/posts\/4330\/revisions"}],"wp:featuredmedia":[{"embeddable":true,"href":"https:\/\/derechosinfronteras.pe\/ingles\/wp-json\/wp\/v2\/media\/4331"}],"wp:attachment":[{"href":"https:\/\/derechosinfronteras.pe\/ingles\/wp-json\/wp\/v2\/media?parent=4330"}],"wp:term":[{"taxonomy":"category","embeddable":true,"href":"https:\/\/derechosinfronteras.pe\/ingles\/wp-json\/wp\/v2\/categories?post=4330"},{"taxonomy":"post_tag","embeddable":true,"href":"https:\/\/derechosinfronteras.pe\/ingles\/wp-json\/wp\/v2\/tags?post=4330"}],"curies":[{"name":"wp","href":"https:\/\/api.w.org\/{rel}","templated":true}]}}