{"id":4334,"date":"2019-07-05T17:31:47","date_gmt":"2019-07-05T22:31:47","guid":{"rendered":"http:\/\/derechosinfronteras.pe\/?p=4927"},"modified":"2019-07-05T17:31:47","modified_gmt":"2019-07-05T22:31:47","slug":"cuestion-de-confianza-para-la-salud-el-caso-de-los-afectados-por-metales-toxicos","status":"publish","type":"post","link":"https:\/\/derechosinfronteras.pe\/ingles\/cuestion-de-confianza-para-la-salud-el-caso-de-los-afectados-por-metales-toxicos\/","title":{"rendered":"Cuesti\u00f3n de confianza para la salud:  El caso de los afectados por metales t\u00f3xicos"},"content":{"rendered":"<blockquote>\n<p style=\"text-align: right;\">Por Blga. Karem Luque \u2013 \u00c1rea de Derechos Colectivos y Medio Ambiente &#8211; DHSF<\/p>\n<\/blockquote>\n<p>Durante las \u00faltimas semanas hemos asistido a un escenario pol\u00edtico marcado por enfrentamientos entre el Poder Ejecutivo y el Legislativo a causa de las reformas pol\u00edticas en materia de lucha contra la corrupci\u00f3n promovidas por el gobierno de Vizcarra. El enfrentamiento llego a su punto m\u00e1s \u00e1lgido cuando el Ejecutivo plante\u00f3 la cuesti\u00f3n de confianza, que puso nuevamente en jaque al congreso fujimorista. Al final, el Congreso decidi\u00f3 otorgarle el pedido al Ejecutivo; aunque ya sab\u00edamos que era evidente, y que probablemente las ansiadas reformas van a tener que esperar un tiempo m\u00e1s para su discusi\u00f3n.<\/p>\n<p>Si bien reconocemos la importancia de la reforma pol\u00edtica y de justicia, no se le da el mismo trato al tema de educaci\u00f3n o salud, estas reformas no son urgentes para el Ejecutivo, y mucho menos para el Congreso. En ese sentido, es de conocimiento p\u00fablico que, desde hace varios a\u00f1os, muchas poblaciones afectadas por metales t\u00f3xicos1 han pedido, en todas las formas posibles, ser atendidos por profesionales especializados en toxicolog\u00eda. Sin embargo, sus pedidos no han sido tomados en cuenta por ninguna de las autoridades de turno.<br \/>\nEn ese marco queremos resaltar algunos avances y retrocesos en materia de atenci\u00f3n a los afectados por metales t\u00f3xicos y en la generaci\u00f3n de pol\u00edticas p\u00fablicas a nivel nacional y local, concretamente a partir del caso de Espinar.<\/p>\n<p><strong>1) Plataforma Nacional de Salud y su paso por algunas instancias de gobierno<\/strong><\/p>\n<p>Hace 2 a\u00f1os a partir de una articulaci\u00f3n de luchas y resistencias se conform\u00f3 la Plataforma Nacional de Afectados por metales, metaloides y otras sustancias qu\u00edmicas t\u00f3xicas. Este grupo, conformado por 9 zonas del pa\u00eds (entre amaz\u00f3nicas y andinas), acompa\u00f1ada por una mesa t\u00e9cnica en la que DHSF participa, se reuni\u00f3 en Lima el pasado 14 y 15 de mayo para evaluar avances y\/o desaf\u00edos en cuanto a las respuestas del gobierno nacional, regional y local, y s\u00ed alguna de estas hab\u00eda brindado alg\u00fan tipo de atenci\u00f3n especializada o integral a las comunidades impactadas por proyectos mineros e hidrocarbur\u00edferos. As\u00ed mismo este grupo de afectadas\/os se reuni\u00f3 para dar seguimiento a las demandas que han hecho llegar al Ministerio de Salud, Defensor\u00eda del Pueblo y Comisi\u00f3n de Pueblos Andinos, Amaz\u00f3nicos, Afrodescendientes, Ambiente y Ecolog\u00eda (CPAAAAE) del Congreso de la Rep\u00fablica, y as\u00ed ser informados seg\u00fan nivel de decisi\u00f3n.<\/p>\n<p>Las respuestas que nos dieron fueron relativamente aleatorias, desde la perspectiva de procesos efectivos, en la CPAAAAE se resaltan dos acuerdos: Se est\u00e1 promoviendo la conformaci\u00f3n de una comisi\u00f3n multisectorial que aterrice un documento de pol\u00edtica p\u00fablica en favor de los afectados de salud, esta comisi\u00f3n la conforman 10 viceministerios, sin embargo no se ha invitado a la sociedad civil para formar parte de ella; y a inicios del mes de julio se realizar\u00e1 una audiencia p\u00fablica en el marco de presentar los avances que tiene esta comisi\u00f3n para contribuir a la discusi\u00f3n de implementar pol\u00edticas publicas en beneficio de la gran poblaci\u00f3n contaminada por metales a nivel nacional.<\/p>\n<p>Por otro lado, la Defensor\u00eda del Pueblo comunic\u00f3 que est\u00e1n priorizando la elaboraci\u00f3n de un informe defensorial sobre Residuos s\u00f3lidos para el 2019, evidenciando que la problem\u00e1tica socioambiental desde el da\u00f1o a la salud por metales t\u00f3xicos en zonas de conflictividad social no es de inter\u00e9s como para prestarle importancia y sugerir mejoras en el sistema de atenci\u00f3n de salud al MINSA y a las entidades competentes.<\/p>\n<p>As\u00ed mismo la reuni\u00f3n que se sostuvo con el viceministro de Salud p\u00fablica, Dr. Neptal\u00ed Santill\u00e1n Ruiz y sus asesores, recogi\u00f3 las principales preocupaciones de las y los afectados de salud, se reconoci\u00f3 que los problemas de toxicidad cr\u00f3nica o aguda son inespec\u00edficos y que ellos desde el MINSA han promovido capacitaciones para m\u00e9dicos peruanos en el extranjero, sin embargo s\u00f3lo uno de los participantes obtuvo nota aprobatoria. Adem\u00e1s inform\u00f3 que a) El MINSA y el Centro para el Control y prevenci\u00f3n de Enfermedades (CDC) de EEUU est\u00e1n promoviendo un convenio para que los m\u00e9dicos del extranjero vengan a ofrecer sus servicios como especialistas al Per\u00fa; b) Pondr\u00e1n m\u00e1s atenci\u00f3n a los casos de anemia en zonas mineras, ya que estos casos deben recibir otro tipo de atenci\u00f3n m\u00e1s espec\u00edfica y, c) para el caso de Cusco se comunic\u00f3 que a m\u00e1s tardar en julio se est\u00e1 iniciando el Plan de Atenci\u00f3n Integral que se implementar\u00e1 con m\u00e9dicos especialistas que viajar\u00e1n hasta la zona.<\/p>\n<p><strong>2) El caso de Espinar y la participaci\u00f3n de los afectados en espacios de \u201cdecisi\u00f3n\u201d<\/strong><\/p>\n<p>A partir de los acuerdos que se tuvieron para reaperturar las mesas de dialogo en Espinar, se solicit\u00f3 a la DIRESA Cusco realizar un informe detallado de los resultados emitidos sobre la calidad del agua de la PTAP Virgen de Chapi que provee del elemento a m\u00e1s de 60 mil habitantes de la zona urbana. Este nuevo informe propuso parad\u00f3jicamente desconocer la primera recomendaci\u00f3n que hizo la DIRESA a las autoridades competentes en noviembre del 2018, de tomar medidas inmediatas para prevenir el riesgo a la salud de la poblaci\u00f3n de Yauri por la presencia de 4 metales (Aluminio, Ars\u00e9nico, Hierro y Manganeso) en su agua potable. La DIRESA sostuvo que existi\u00f3 una mala interpretaci\u00f3n de los resultados por parte del personal y que s\u00ed hubiese existido presencia de metales t\u00f3xicos, fue porque las muestras pudieron haberse contaminado durante su traslado.<\/p>\n<p>Todo ello sigue generando incertidumbre y malestar en la poblaci\u00f3n urbana, sin embargo, el abandono a las comunidades campesinas que conviven con proyectos mineros cercanos es a\u00fan m\u00e1s alarmante, pues, estas comunidades y los afectados de salud \u2013 con pruebas en mano \u2013 no fueron considerados como parte de miembros acreditados en la Sub mesa de Salud, ambiente, saneamiento y residuos s\u00f3lidos que se reuni\u00f3 el pasado 23 de mayo, a pesar de que ellos se han autoconvocado y han solicitado formalmente su incorporaci\u00f3n, recibiendo respaldo de autoridades nacionales para ser participes activos en la toma de decisiones. Algunos funcionarios de la Municipalidad inclusive manifestaron que esta discusi\u00f3n era netamente \u201ct\u00e9cnica\u201d.<br \/>\nNo estamos de acuerdo en que se sigan excluyendo a las comunidades y la sociedad civil de participar libremente en estos espacios de decisi\u00f3n, ya que solo ellos saben lo que urge implementar para atenderlos eficazmente, la salud deber\u00eda pasar tambi\u00e9n por una cuesti\u00f3n de confianza desde los afectados al gobierno, y este pedido seguir\u00e1 latente para mejorar su calidad de vida y garantizar su derecho a la salud.<\/p>\n<hr \/>\n<pre>[1] Insistimos en referirnos como t\u00f3xicos a los metales pesados que ingresan al organismo de las personas, y que al ser un elemento xenobi\u00f3tico, (Un xenobi\u00f3tico es una sustancia qu\u00edmica que se encuentra dentro de un organismo que no se produce naturalmente o se espera que no est\u00e9 presente dentro del organismo), produce efectos que da\u00f1an la salud de las personas provocando un deterioro de los \u00f3rganos internos que pueden ser de impacto irreversible.<\/pre>\n","protected":false},"excerpt":{"rendered":"<p>Por Blga. Karem Luque \u2013 \u00c1rea de Derechos Colectivos y Medio Ambiente &#8211; DHSF Durante las \u00faltimas semanas hemos asistido a un escenario pol\u00edtico marcado por enfrentamientos entre el Poder Ejecutivo y el Legislativo a causa de las reformas pol\u00edticas en materia de lucha contra la corrupci\u00f3n promovidas por el gobierno de Vizcarra. El enfrentamiento [&hellip;]<\/p>\n","protected":false},"author":1,"featured_media":4335,"comment_status":"open","ping_status":"open","sticky":false,"template":"","format":"standard","meta":{"_monsterinsights_skip_tracking":false,"_monsterinsights_sitenote_active":false,"_monsterinsights_sitenote_note":"","_monsterinsights_sitenote_category":0,"_jetpack_memberships_contains_paid_content":false,"footnotes":"","jetpack_publicize_message":"","jetpack_publicize_feature_enabled":true,"jetpack_social_post_already_shared":false,"jetpack_social_options":{"image_generator_settings":{"template":"highway","default_image_id":0,"font":"","enabled":false},"version":2}},"categories":[1],"tags":[],"class_list":["post-4334","post","type-post","status-publish","format-standard","has-post-thumbnail","hentry","category-sin-categoria"],"blocksy_meta":[],"jetpack_publicize_connections":[],"jetpack_featured_media_url":"https:\/\/derechosinfronteras.pe\/wp-content\/uploads\/2019\/07\/Salud.jpg","jetpack_sharing_enabled":true,"jetpack_likes_enabled":true,"_links":{"self":[{"href":"https:\/\/derechosinfronteras.pe\/ingles\/wp-json\/wp\/v2\/posts\/4334","targetHints":{"allow":["GET"]}}],"collection":[{"href":"https:\/\/derechosinfronteras.pe\/ingles\/wp-json\/wp\/v2\/posts"}],"about":[{"href":"https:\/\/derechosinfronteras.pe\/ingles\/wp-json\/wp\/v2\/types\/post"}],"author":[{"embeddable":true,"href":"https:\/\/derechosinfronteras.pe\/ingles\/wp-json\/wp\/v2\/users\/1"}],"replies":[{"embeddable":true,"href":"https:\/\/derechosinfronteras.pe\/ingles\/wp-json\/wp\/v2\/comments?post=4334"}],"version-history":[{"count":0,"href":"https:\/\/derechosinfronteras.pe\/ingles\/wp-json\/wp\/v2\/posts\/4334\/revisions"}],"wp:featuredmedia":[{"embeddable":true,"href":"https:\/\/derechosinfronteras.pe\/ingles\/wp-json\/wp\/v2\/media\/4335"}],"wp:attachment":[{"href":"https:\/\/derechosinfronteras.pe\/ingles\/wp-json\/wp\/v2\/media?parent=4334"}],"wp:term":[{"taxonomy":"category","embeddable":true,"href":"https:\/\/derechosinfronteras.pe\/ingles\/wp-json\/wp\/v2\/categories?post=4334"},{"taxonomy":"post_tag","embeddable":true,"href":"https:\/\/derechosinfronteras.pe\/ingles\/wp-json\/wp\/v2\/tags?post=4334"}],"curies":[{"name":"wp","href":"https:\/\/api.w.org\/{rel}","templated":true}]}}