{"id":4342,"date":"2019-07-04T13:50:59","date_gmt":"2019-07-04T18:50:59","guid":{"rendered":"http:\/\/derechosinfronteras.pe\/?p=4905"},"modified":"2019-07-04T13:50:59","modified_gmt":"2019-07-04T18:50:59","slug":"dialogo-en-espinar-se-suspendio-submesa-de-salud-y-medio-ambiente","status":"publish","type":"post","link":"https:\/\/derechosinfronteras.pe\/ingles\/dialogo-en-espinar-se-suspendio-submesa-de-salud-y-medio-ambiente\/","title":{"rendered":"Di\u00e1logo en Espinar: Se suspendi\u00f3 submesa de salud y medio ambiente"},"content":{"rendered":"<p>(04 de julio). Al promediar las 10 de la ma\u00f1ana, se inici\u00f3 la segunda reuni\u00f3n del SubGrupo: <strong>Salud, ambiente, saneamiento y residuos s\u00f3lidos<\/strong>, correspondiente al proceso de la Mesa de Di\u00e1logo, recientemente reaperturada en la provincia cusque\u00f1a de Espinar. Sin embargo, despu\u00e9s de algunas horas de debate, se decidi\u00f3 postergar la reuni\u00f3n para una siguiente fecha.<\/p>\n<p>Esta submesa se ha dividido en 2 ejes: 1)Salud y saneamiento, 2) Ambiente y residuos s\u00f3lidos. Durante la reuni\u00f3n, el MINSA inform\u00f3 que ya se ha realizado la licitaci\u00f3n para la empresa que realizar\u00e1 la construcci\u00f3n del Hospital de tipo II-2, cuyo presupuesto asciende a 132 millones, y empezar\u00e1 a construirse desde setiembre.<\/p>\n<p>En su informe detallaron, que el nuevo hospital contar\u00e1 con un servicio de Centro t\u00e9cnico y quir\u00fargico,\u00a0 <strong>un laboratorio de dosaje para metales pesados, <\/strong>y est\u00e1n evaluando la implementaci\u00f3n de un laboratorio f\u00edsico qu\u00edmico para an\u00e1lisis de agua de consumo humano. Se han comprometido a operativizar el plan de atenci\u00f3n integral de afectados por metales y a realizar dosajes en cabello, orina y sangre.<\/p>\n<p>Por su parte, Carmen Chambi, representante de las comunidades afectadas por metales t\u00f3xicos en Espinar, manifest\u00f3 que est\u00e1 cansada de tener dosajes desde el a\u00f1o 2013. &#8216;De qu\u00e9 sirve tener dosajes si no hay m\u00e9dicos especialistas que nos atiendan, en Lima nos han informado que solo existe un especialista toxicol\u00f3gico en todo el pa\u00eds&#8217; manifest\u00f3 Chambi durante la reuni\u00f3n.<\/p>\n<p>Diferentes dirigentes y representantes de la sociedad civil, como FUCAE y AUPE, y el Alcalde de Condoroma, se sumaron a los reclamos y exigieron soluciones eficaces y reales para atender a los afectados por metales t\u00f3xicos en Espinar.<\/p>\n<p>Finalmente, Am\u00e9rico Mej\u00eda, funcionario de la DIRESA, se justific\u00f3 manifestando que ya tienen el Plan de Atenci\u00f3n, sin embargo no cuentan con presupuesto, esto gener\u00f3 malestar en los asistentes, aduciendo que s\u00f3lo vienen &#8216;para burlase de la poblaci\u00f3n&#8217;.<\/p>\n<p>Aunque la reuni\u00f3n ten\u00eda una programaci\u00f3n definida para abordar temas espec\u00edficos, se decidi\u00f3 suspender la reuni\u00f3n para el d\u00eda pr\u00f3ximo 23 de julio, con la condici\u00f3n de que La ministra o Viceministro de Salud informen claramente sobre las acciones inmediatas y presupuestadas para la atenci\u00f3n de los afectados por metales t\u00f3xicos.<\/p>","protected":false},"excerpt":{"rendered":"<p>(04 de julio). Al promediar las 10 de la ma\u00f1ana, se inici\u00f3 la segunda reuni\u00f3n del SubGrupo: Salud, ambiente, saneamiento y residuos s\u00f3lidos, correspondiente al proceso de la Mesa de Di\u00e1logo, recientemente reaperturada en la provincia cusque\u00f1a de Espinar. Sin embargo, despu\u00e9s de algunas horas de debate, se decidi\u00f3 postergar la reuni\u00f3n para una siguiente [&hellip;]<\/p>\n","protected":false},"author":1,"featured_media":4343,"comment_status":"open","ping_status":"open","sticky":false,"template":"","format":"standard","meta":{"_monsterinsights_skip_tracking":false,"_monsterinsights_sitenote_active":false,"_monsterinsights_sitenote_note":"","_monsterinsights_sitenote_category":0,"_jetpack_memberships_contains_paid_content":false,"footnotes":"","jetpack_publicize_message":"","jetpack_publicize_feature_enabled":true,"jetpack_social_post_already_shared":false,"jetpack_social_options":{"image_generator_settings":{"template":"highway","default_image_id":0,"font":"","enabled":false},"version":2}},"categories":[1],"tags":[],"class_list":["post-4342","post","type-post","status-publish","format-standard","has-post-thumbnail","hentry","category-sin-categoria"],"blocksy_meta":[],"jetpack_publicize_connections":[],"jetpack_featured_media_url":"https:\/\/derechosinfronteras.pe\/wp-content\/uploads\/2019\/07\/SubMesa.jpg","jetpack_sharing_enabled":true,"jetpack_likes_enabled":true,"_links":{"self":[{"href":"https:\/\/derechosinfronteras.pe\/ingles\/wp-json\/wp\/v2\/posts\/4342","targetHints":{"allow":["GET"]}}],"collection":[{"href":"https:\/\/derechosinfronteras.pe\/ingles\/wp-json\/wp\/v2\/posts"}],"about":[{"href":"https:\/\/derechosinfronteras.pe\/ingles\/wp-json\/wp\/v2\/types\/post"}],"author":[{"embeddable":true,"href":"https:\/\/derechosinfronteras.pe\/ingles\/wp-json\/wp\/v2\/users\/1"}],"replies":[{"embeddable":true,"href":"https:\/\/derechosinfronteras.pe\/ingles\/wp-json\/wp\/v2\/comments?post=4342"}],"version-history":[{"count":0,"href":"https:\/\/derechosinfronteras.pe\/ingles\/wp-json\/wp\/v2\/posts\/4342\/revisions"}],"wp:featuredmedia":[{"embeddable":true,"href":"https:\/\/derechosinfronteras.pe\/ingles\/wp-json\/wp\/v2\/media\/4343"}],"wp:attachment":[{"href":"https:\/\/derechosinfronteras.pe\/ingles\/wp-json\/wp\/v2\/media?parent=4342"}],"wp:term":[{"taxonomy":"category","embeddable":true,"href":"https:\/\/derechosinfronteras.pe\/ingles\/wp-json\/wp\/v2\/categories?post=4342"},{"taxonomy":"post_tag","embeddable":true,"href":"https:\/\/derechosinfronteras.pe\/ingles\/wp-json\/wp\/v2\/tags?post=4342"}],"curies":[{"name":"wp","href":"https:\/\/api.w.org\/{rel}","templated":true}]}}