{"id":4344,"date":"2019-07-04T12:41:38","date_gmt":"2019-07-04T17:41:38","guid":{"rendered":"http:\/\/derechosinfronteras.pe\/?p=4897"},"modified":"2019-07-04T12:41:38","modified_gmt":"2019-07-04T17:41:38","slug":"afectados-por-metales-toxicos-realizaran-planton-frente-a-minem","status":"publish","type":"post","link":"https:\/\/derechosinfronteras.pe\/ingles\/afectados-por-metales-toxicos-realizaran-planton-frente-a-minem\/","title":{"rendered":"Afectados por metales t\u00f3xicos realizar\u00e1n plant\u00f3n frente a MINEM"},"content":{"rendered":"<p><strong>La Plataforma Nacional de Afectados por Metales T\u00f3xicos,\u00a0<\/strong>que re\u00fane a personas afectadas y expuestas de las regiones de Loreto, Amazonas, Cajamarca, Ancash, Regi\u00f3n Lima, Jun\u00edn, Cerro de Pasco, Moquegua, Cusco y Puno, y la Mesa T\u00e9cnica en Salud Ambiental y Humana, realizar\u00e1n un plant\u00f3n en los exteriores del Ministerio de Energ\u00eda y Minas, el\u00a0 viernes 5 de julio desde las 10:00 a.m.<\/p>\n<p>Las personas afectadas por metales t\u00f3xicos -la mayor\u00eda por actividades extractivas- exigen que el ministerio en menci\u00f3n sea el que asuma la responsabilidad de impulsar la <strong>Comisi\u00f3n Multisectorial, <\/strong>la misma que deber\u00e1\u00a0elaborar un plan y un presupuesto integral desde el Estado, para atender a las regiones afectadas y expuestas por la contaminaci\u00f3n a causa de metales t\u00f3xicos.<\/p>\n<p>Entre los casos m\u00e1s emblem\u00e1ticos, est\u00e1 el de la poblaci\u00f3n afectada por el derrame de m\u00e1s de 3 mil barriles de petr\u00f3leo crudo que afect\u00f3 al r\u00edo Chiriaco en la regi\u00f3n <strong>Amazonas<\/strong>, en el 2016, as\u00ed como los afectados de las Cuatro Cuencas en <strong>Loreto<\/strong>, o las familias afectadas por la contaminaci\u00f3n de la actividad minera con ars\u00e9nico y plomo en\u00a0<strong><a href=\"https:\/\/www.facebook.com\/derechossinfronteras.pe\/videos\/1146743618830657\/\" target=\"_blank\" rel=\"noopener\">Espinar<\/a>, La Oroya y Cerro de Pasco<\/strong>.<\/p>\n<hr \/>\n<blockquote><p>Para m\u00e1s informaci\u00f3n sobre este caso puede contactarse con:<\/p>\n<p>Luis G\u00e1rate (prensa)-\u00a0977150561<\/p>\n<p>Abel Gilvonio (asesor)- 947984467<\/p><\/blockquote>\n<p>&nbsp;<\/p>","protected":false},"excerpt":{"rendered":"<p>La Plataforma Nacional de Afectados por Metales T\u00f3xicos,\u00a0que re\u00fane a personas afectadas y expuestas de las regiones de Loreto, Amazonas, Cajamarca, Ancash, Regi\u00f3n Lima, Jun\u00edn, Cerro de Pasco, Moquegua, Cusco y Puno, y la Mesa T\u00e9cnica en Salud Ambiental y Humana, realizar\u00e1n un plant\u00f3n en los exteriores del Ministerio de Energ\u00eda y Minas, el\u00a0 viernes [&hellip;]<\/p>\n","protected":false},"author":1,"featured_media":4345,"comment_status":"open","ping_status":"open","sticky":false,"template":"","format":"standard","meta":{"_monsterinsights_skip_tracking":false,"_monsterinsights_sitenote_active":false,"_monsterinsights_sitenote_note":"","_monsterinsights_sitenote_category":0,"_jetpack_memberships_contains_paid_content":false,"footnotes":"","jetpack_publicize_message":"","jetpack_publicize_feature_enabled":true,"jetpack_social_post_already_shared":false,"jetpack_social_options":{"image_generator_settings":{"template":"highway","default_image_id":0,"font":"","enabled":false},"version":2}},"categories":[1],"tags":[],"class_list":["post-4344","post","type-post","status-publish","format-standard","has-post-thumbnail","hentry","category-sin-categoria"],"blocksy_meta":[],"jetpack_publicize_connections":[],"jetpack_featured_media_url":"https:\/\/derechosinfronteras.pe\/wp-content\/uploads\/2019\/07\/Metales-Toxicos.jpg","jetpack_sharing_enabled":true,"jetpack_likes_enabled":true,"_links":{"self":[{"href":"https:\/\/derechosinfronteras.pe\/ingles\/wp-json\/wp\/v2\/posts\/4344","targetHints":{"allow":["GET"]}}],"collection":[{"href":"https:\/\/derechosinfronteras.pe\/ingles\/wp-json\/wp\/v2\/posts"}],"about":[{"href":"https:\/\/derechosinfronteras.pe\/ingles\/wp-json\/wp\/v2\/types\/post"}],"author":[{"embeddable":true,"href":"https:\/\/derechosinfronteras.pe\/ingles\/wp-json\/wp\/v2\/users\/1"}],"replies":[{"embeddable":true,"href":"https:\/\/derechosinfronteras.pe\/ingles\/wp-json\/wp\/v2\/comments?post=4344"}],"version-history":[{"count":0,"href":"https:\/\/derechosinfronteras.pe\/ingles\/wp-json\/wp\/v2\/posts\/4344\/revisions"}],"wp:featuredmedia":[{"embeddable":true,"href":"https:\/\/derechosinfronteras.pe\/ingles\/wp-json\/wp\/v2\/media\/4345"}],"wp:attachment":[{"href":"https:\/\/derechosinfronteras.pe\/ingles\/wp-json\/wp\/v2\/media?parent=4344"}],"wp:term":[{"taxonomy":"category","embeddable":true,"href":"https:\/\/derechosinfronteras.pe\/ingles\/wp-json\/wp\/v2\/categories?post=4344"},{"taxonomy":"post_tag","embeddable":true,"href":"https:\/\/derechosinfronteras.pe\/ingles\/wp-json\/wp\/v2\/tags?post=4344"}],"curies":[{"name":"wp","href":"https:\/\/api.w.org\/{rel}","templated":true}]}}