{"id":4346,"date":"2019-06-28T14:06:56","date_gmt":"2019-06-28T19:06:56","guid":{"rendered":"http:\/\/derechosinfronteras.pe\/?p=4893"},"modified":"2019-06-28T14:06:56","modified_gmt":"2019-06-28T19:06:56","slug":"queremos-ser-luz-entrevista-a-wendy-auccapina-activista-lgtbq-del-cusco","status":"publish","type":"post","link":"https:\/\/derechosinfronteras.pe\/ingles\/queremos-ser-luz-entrevista-a-wendy-auccapina-activista-lgtbq-del-cusco\/","title":{"rendered":"&#8216;Queremos ser luz&#8217; &#8211; Entrevista a Wendy Auccapi\u00f1a, Activista LGTBQ+ del Cusco"},"content":{"rendered":"<p>Wendy Shiarmeli Auccapure Auccapi\u00f1a, tiene 26 a\u00f1os y naci\u00f3 en Huaro, es bachiller en Antropolog\u00eda, se autoidentifica como ind\u00edgena, Afro-Cusque\u00f1a y lesbiana. Laboralmente est\u00e1 enfocada al acompa\u00f1amiento de organizaciones de mujeres campesinas con la ONG \u00b4CMP Flora Trist\u00e1n\u2019, e iniciando una investigaci\u00f3n sobre trata de mujeres en Cusco con la fundaci\u00f3n \u2018Tierra de Hombres\u2019. Wendy es una activista feminista, integrante del colectivo \u2018G\u00e9nero Rebelde\u2019, ex representante del colectivo de diversidad sexual \u2018Kuychi Ayllu\u2019, y ahora y dirige la colectiva l\u00e9sbico Trans Feminista \u2018Kachkaniraqmi\u2019, conversamos con ella para conocer m\u00e1s de su vida y reconocer desde su experiencia, a d\u00f3nde apunta Cusco en la construcci\u00f3n de la igualdad (de g\u00e9nero).<\/p>\n<p><strong>Wendy, te identificas como una mujer lesbiana \u00bfC\u00f3mo fue ese proceso en tu vida?<\/strong><\/p>\n<p>Los desaf\u00edos fueron muchos, el reconocerme lesbiana en un contexto tan conservador, l\u00e9sbico-trans-homof\u00f3bico es muy dif\u00edcil. Result\u00f3 un choque conmigo misma, con mi entorno social, con mi familia que es cat\u00f3lica y tradicional. Exist\u00eda mucho miedo de perder a mis seres queridos. Pero este proceso, lo viv\u00ed en una coyuntura en la que era muy evidente la vulneraci\u00f3n de derechos hacia la comunidad LGTB, as\u00ed que en el camino me fui encontrando con personas que quer\u00edan hacer un pare a los prejuicios con informaci\u00f3n sobre los temas de diversidad, con las cuales me sent\u00ed acompa\u00f1ada y pude acompa\u00f1ar tambi\u00e9n a muchas personas, y es c\u00f3mo se forma la primera colectiva l\u00e9sbica trans feminista con la que inicia todo esta revoluci\u00f3n Cusque\u00f1a y empezamos a poner las voces y las cuerpas en las calles.<\/p>\n<p><strong>Esta visibilidad \u00bftambi\u00e9n te gener\u00f3 desencuentros o manifestaciones de violencia?<\/strong><\/p>\n<p>Siento que desde un inicio fue muy violento, en uno de nuestros plantones informativos un periodista me pregunto c\u00f3mo tenemos relaciones sexuales las lesbianas, en otro espacio una se\u00f1ora lleg\u00f3 a gritarnos diciendo que estamos enfermas o que somos el demonio (&#8230;) y lo m\u00e1s reciente fue hace unas semanas, que me botaron de un parque p\u00fablico cuando estaba sentada con mi novia, esto es el d\u00eda a d\u00eda que a la comunidad LGTB nos toca enfrentar.<\/p>\n<p><strong>\u00bfY cu\u00e1l es la situaci\u00f3n con tu identidad ind\u00edgena?<\/strong><\/p>\n<p>Mi experiencia como estudiante de antropolog\u00eda me ayud\u00f3 mucho a reafirmar mi identidad ind\u00edgena, sin embargo el reconocerse ind\u00edgena y lesbiana tambi\u00e9n es un proceso fuerte (\u2026) En la cultura andina no se discrimina a la comunidad LGBT, pero no es aceptada como un modo de vida homosexual dentro de esta. En la cultura andina se menciona la dualidad y se romantiza la armon\u00eda de esta, y la construcci\u00f3n de la familia basada en la binariedad de los g\u00e9neros, es fundamental para que tu familia sea reconocida y se practique el ayni, la productividad y prosperidad en tu comunidad. Para mi pap\u00e1 mi orientaci\u00f3n era una imposici\u00f3n aprendida del extranjero de occidente, mi mam\u00e1 sufr\u00eda porque cre\u00eda que me quedar\u00eda sola, y hasta el momento lo m\u00e1s fuerte es el haber recibido agresi\u00f3n f\u00edsica y verbal de parte de mi hermano porque no aceptaba y no entend\u00eda lo que significa ser una persona disidente en el Cusco.<\/p>\n<p><strong>La situaci\u00f3n de violencia es diferenciada, la violencia contra las mujeres tiene muchas manifestaciones\u2026<\/strong><\/p>\n<p>El contexto de violencia en el Cusco es alarmante, las mujeres estamos en un estado de emergencia, nos violan, nos matan, nos descuartizan, nos queman, nos acosan, nos humillan d\u00eda a d\u00eda, desde el amanecer hasta el anochecer. Los espacios p\u00fablicos est\u00e1n hechos para hombres, y eso ha limitado mucho el desarrollo de nuestras capacidades como mujeres que est\u00e1n bajo construcciones estereotipadas, y es ah\u00ed donde nos encasillan en roles diferenciados para hombres y mujeres. Desde que soy visible con mi enamorada no recuerdo un solo d\u00eda en el que no nos hayan mirado con indiferencia, o insultardo e incluso empujarnos, quieren censurarnos de muchos espacios, y eso no nos hace bajar la guardia en ning\u00fan momento, nos obliga a vivir en un Estado de alerta y defensa permanente. Ni que decir de las mujeres trans, que son las que viven m\u00e1s vulneraci\u00f3n a sus derechos por no contar con una ley de identidad de g\u00e9nero, tampoco hay pol\u00edticas de inclusi\u00f3n que son necesarias y urgentes como es el cupo laboral trans en las empresas p\u00fablicas y privadas para que no sean relegadas a opciones de trabajo que no son elegidas.<\/p>\n<p><strong>\u00bfY Frente a este escenario, cu\u00e1l es tu consigna de lucha personal y colectiva para hacerle frente a estas violencias expl\u00edcitas y simb\u00f3licas?<\/strong><\/p>\n<p>Yo no creo que seamos minor\u00eda, lo que pasa es que existe mucho temor de ser visibles justamente por este contexto de violencia que sufrimos a diario. Creo que es tiempo de unirnos para hacer realmente patria y luchemos frente a todo tipo de discriminaci\u00f3n y racismo de esta sociedad que nos violenta d\u00eda a d\u00eda. <strong>Vamos a seguir existiendo, mencion\u00e1ndonos y gritando nuestra existencia porque lo que no se menciona no existe, y la comunidad LGTBQ+ existimos y queremos todos nuestros derechos, queremos ser luz, e iluminar de colores las calles, porque el odio no cabe en nuestras cuerpas llenas de amor y orgullo, <\/strong>y decirle al Cusco que estamos aqu\u00ed siendo hijas, hermanas, nietas, ind\u00edgenas, cusque\u00f1as, lesbianas, trans, bisexuales, afrodescendientes, que somos mujeres diversas latiendo en esta pachamama\u2022<\/p>","protected":false},"excerpt":{"rendered":"<p>Wendy Shiarmeli Auccapure Auccapi\u00f1a, tiene 26 a\u00f1os y naci\u00f3 en Huaro, es bachiller en Antropolog\u00eda, se autoidentifica como ind\u00edgena, Afro-Cusque\u00f1a y lesbiana. Laboralmente est\u00e1 enfocada al acompa\u00f1amiento de organizaciones de mujeres campesinas con la ONG \u00b4CMP Flora Trist\u00e1n\u2019, e iniciando una investigaci\u00f3n sobre trata de mujeres en Cusco con la fundaci\u00f3n \u2018Tierra de Hombres\u2019. Wendy [&hellip;]<\/p>\n","protected":false},"author":1,"featured_media":4347,"comment_status":"open","ping_status":"open","sticky":false,"template":"","format":"standard","meta":{"_monsterinsights_skip_tracking":false,"_monsterinsights_sitenote_active":false,"_monsterinsights_sitenote_note":"","_monsterinsights_sitenote_category":0,"_jetpack_memberships_contains_paid_content":false,"footnotes":"","jetpack_publicize_message":"","jetpack_publicize_feature_enabled":true,"jetpack_social_post_already_shared":false,"jetpack_social_options":{"image_generator_settings":{"template":"highway","default_image_id":0,"font":"","enabled":false},"version":2}},"categories":[1],"tags":[],"class_list":["post-4346","post","type-post","status-publish","format-standard","has-post-thumbnail","hentry","category-sin-categoria"],"blocksy_meta":[],"jetpack_publicize_connections":[],"jetpack_featured_media_url":"https:\/\/derechosinfronteras.pe\/wp-content\/uploads\/2019\/06\/Wendy.jpg","jetpack_sharing_enabled":true,"jetpack_likes_enabled":true,"_links":{"self":[{"href":"https:\/\/derechosinfronteras.pe\/ingles\/wp-json\/wp\/v2\/posts\/4346","targetHints":{"allow":["GET"]}}],"collection":[{"href":"https:\/\/derechosinfronteras.pe\/ingles\/wp-json\/wp\/v2\/posts"}],"about":[{"href":"https:\/\/derechosinfronteras.pe\/ingles\/wp-json\/wp\/v2\/types\/post"}],"author":[{"embeddable":true,"href":"https:\/\/derechosinfronteras.pe\/ingles\/wp-json\/wp\/v2\/users\/1"}],"replies":[{"embeddable":true,"href":"https:\/\/derechosinfronteras.pe\/ingles\/wp-json\/wp\/v2\/comments?post=4346"}],"version-history":[{"count":0,"href":"https:\/\/derechosinfronteras.pe\/ingles\/wp-json\/wp\/v2\/posts\/4346\/revisions"}],"wp:featuredmedia":[{"embeddable":true,"href":"https:\/\/derechosinfronteras.pe\/ingles\/wp-json\/wp\/v2\/media\/4347"}],"wp:attachment":[{"href":"https:\/\/derechosinfronteras.pe\/ingles\/wp-json\/wp\/v2\/media?parent=4346"}],"wp:term":[{"taxonomy":"category","embeddable":true,"href":"https:\/\/derechosinfronteras.pe\/ingles\/wp-json\/wp\/v2\/categories?post=4346"},{"taxonomy":"post_tag","embeddable":true,"href":"https:\/\/derechosinfronteras.pe\/ingles\/wp-json\/wp\/v2\/tags?post=4346"}],"curies":[{"name":"wp","href":"https:\/\/api.w.org\/{rel}","templated":true}]}}