{"id":4348,"date":"2019-06-27T20:12:57","date_gmt":"2019-06-28T01:12:57","guid":{"rendered":"http:\/\/derechosinfronteras.pe\/?p=4890"},"modified":"2019-06-27T20:12:57","modified_gmt":"2019-06-28T01:12:57","slug":"las-bambas-velille-denuncia-incumplimiento-de-compromisos-de-la-empresa-minera","status":"publish","type":"post","link":"https:\/\/derechosinfronteras.pe\/ingles\/las-bambas-velille-denuncia-incumplimiento-de-compromisos-de-la-empresa-minera\/","title":{"rendered":"Las Bambas: Velille denuncia incumplimiento de compromisos de la empresa minera"},"content":{"rendered":"<p>(27 de junio). El Frente \u00danico de Defensa de los Intereses de Velille (Chumbivilcas, Cusco), instituciones y representantes ante la mesa de di\u00e1logo, presidentes comunales y organizaciones sociales de base han emitido un pronunciamiento p\u00fablico en el que denuncian que la empresa minera MMG Las Bambas no ha cumplido con sus compromisos.<\/p>\n<p>En el documento se\u00f1alan que durante las reuniones de la Mesa de, que se realizaron el pasado 12 de abril y 10 de mayo, la compa\u00f1\u00eda minera ha incumplido con la remisi\u00f3n de la propuesta para declarar Velille como \u00e1rea de inter\u00e9s social y ambiental; y la propuesta de Acuerdo de Cooperaci\u00f3n, que deb\u00eda entregarse hasta el 31 de mayo.<\/p>\n<p>Por otro lado, evidencian, que ante el incumplimiento de los compromisos asumidos por la empresa minera MMG Las Bambas, ser\u00e1 responsabilidad de la misma si deciden iniciar acciones de protesta.<\/p>\n<p>Finalmente, exigen, para evitar cualquier conflicto, la inmediata intervenci\u00f3n de los Ministerios y la PCM.<\/p>\n<p>&nbsp;<\/p>","protected":false},"excerpt":{"rendered":"<p>(27 de junio). El Frente \u00danico de Defensa de los Intereses de Velille (Chumbivilcas, Cusco), instituciones y representantes ante la mesa de di\u00e1logo, presidentes comunales y organizaciones sociales de base han emitido un pronunciamiento p\u00fablico en el que denuncian que la empresa minera MMG Las Bambas no ha cumplido con sus compromisos. En el documento [&hellip;]<\/p>\n","protected":false},"author":1,"featured_media":4349,"comment_status":"open","ping_status":"open","sticky":false,"template":"","format":"standard","meta":{"_monsterinsights_skip_tracking":false,"_monsterinsights_sitenote_active":false,"_monsterinsights_sitenote_note":"","_monsterinsights_sitenote_category":0,"_jetpack_memberships_contains_paid_content":false,"footnotes":"","jetpack_publicize_message":"","jetpack_publicize_feature_enabled":true,"jetpack_social_post_already_shared":false,"jetpack_social_options":{"image_generator_settings":{"template":"highway","default_image_id":0,"font":"","enabled":false},"version":2}},"categories":[1],"tags":[],"class_list":["post-4348","post","type-post","status-publish","format-standard","has-post-thumbnail","hentry","category-sin-categoria"],"blocksy_meta":[],"jetpack_publicize_connections":[],"jetpack_featured_media_url":"https:\/\/derechosinfronteras.pe\/wp-content\/uploads\/2019\/06\/Velille.jpg","jetpack_sharing_enabled":true,"jetpack_likes_enabled":true,"_links":{"self":[{"href":"https:\/\/derechosinfronteras.pe\/ingles\/wp-json\/wp\/v2\/posts\/4348","targetHints":{"allow":["GET"]}}],"collection":[{"href":"https:\/\/derechosinfronteras.pe\/ingles\/wp-json\/wp\/v2\/posts"}],"about":[{"href":"https:\/\/derechosinfronteras.pe\/ingles\/wp-json\/wp\/v2\/types\/post"}],"author":[{"embeddable":true,"href":"https:\/\/derechosinfronteras.pe\/ingles\/wp-json\/wp\/v2\/users\/1"}],"replies":[{"embeddable":true,"href":"https:\/\/derechosinfronteras.pe\/ingles\/wp-json\/wp\/v2\/comments?post=4348"}],"version-history":[{"count":0,"href":"https:\/\/derechosinfronteras.pe\/ingles\/wp-json\/wp\/v2\/posts\/4348\/revisions"}],"wp:featuredmedia":[{"embeddable":true,"href":"https:\/\/derechosinfronteras.pe\/ingles\/wp-json\/wp\/v2\/media\/4349"}],"wp:attachment":[{"href":"https:\/\/derechosinfronteras.pe\/ingles\/wp-json\/wp\/v2\/media?parent=4348"}],"wp:term":[{"taxonomy":"category","embeddable":true,"href":"https:\/\/derechosinfronteras.pe\/ingles\/wp-json\/wp\/v2\/categories?post=4348"},{"taxonomy":"post_tag","embeddable":true,"href":"https:\/\/derechosinfronteras.pe\/ingles\/wp-json\/wp\/v2\/tags?post=4348"}],"curies":[{"name":"wp","href":"https:\/\/api.w.org\/{rel}","templated":true}]}}