{"id":4350,"date":"2019-06-26T17:17:58","date_gmt":"2019-06-26T22:17:58","guid":{"rendered":"http:\/\/derechosinfronteras.pe\/?p=4886"},"modified":"2019-06-26T17:17:58","modified_gmt":"2019-06-26T22:17:58","slug":"gregorio-rojas-las-bambas-no-ha-cumplido-con-ninguno-de-los-compromisos","status":"publish","type":"post","link":"https:\/\/derechosinfronteras.pe\/ingles\/gregorio-rojas-las-bambas-no-ha-cumplido-con-ninguno-de-los-compromisos\/","title":{"rendered":"Gregorio Rojas: \u201cLas Bambas no ha cumplido con ninguno de los compromisos\u2019\u2019"},"content":{"rendered":"<p>(26 de junio).- En una entrevista a Exitosa Noticias, el presidente de\u00a0la <strong>Comunidad de Nueva Fuerabamba, Gregorio\u00a0Rojas<\/strong> ha declarado que han cumplido con permitir el acceso por sus territorios de los veh\u00edculos de la empresa, y que adem\u00e1s han participado en todos los espacios de di\u00e1logo, en los cuales tambi\u00e9n ha intervenido el gobierno, sin embargo la empresa minera MMG Las Bambas no ha cumplido con ninguno de los compromisos asumidos.<\/p>\n<p>Cabe recordar que Nueva Fuerabamba considera que se vulner\u00f3 su propiedad privada, cuando el Estado decidi\u00f3, sin haberles consultado previamente, reclasificar como v\u00eda nacional la carretera que atraviesa el fundo Yavi Yavi, que es de su propiedad.<\/p>\n<p>\u201cYo he firmado un documento en Lima con dos actas: uno para liberar la v\u00eda del fundo Yavi Yavi y otro es el acta judicial que firmamos con la empresa. Dentro de eso tenemos otra acta del 22 de mayo que hemos firmado con la minera. Son ocho veces que nos hemos juntado con ellos y no\u00a0<strong>hay ning\u00fan punto que se haya solucionado hasta hoy sobre la propiedad privada del fundo Yavi Yavi\u201d<\/strong>, manifest\u00f3.<\/p>\n<p>De otro lado, Rojas salud\u00f3 la suspensi\u00f3n de los dos jueces de la provincia de Cotabambas, de la Corte Superior de Justicia de Apur\u00edmac, por presuntamente vulnerar principios elementales de una correcta administraci\u00f3n de justicia.<\/p>\n<p>\u201cQuiero saludar al jefe de la OCMA, Vicente Walde, porque se ha encontrado que los jueces Patricia Valencia y Andr\u00e9s Flores estaban haciendo mal las cosas y por eso no hab\u00eda justicia para nosotros en Cotabambas. Por eso est\u00e1bamos perseguidos y criminalizados\u201d, puntualiz\u00f3.<\/p>","protected":false},"excerpt":{"rendered":"<p>(26 de junio).- En una entrevista a Exitosa Noticias, el presidente de\u00a0la Comunidad de Nueva Fuerabamba, Gregorio\u00a0Rojas ha declarado que han cumplido con permitir el acceso por sus territorios de los veh\u00edculos de la empresa, y que adem\u00e1s han participado en todos los espacios de di\u00e1logo, en los cuales tambi\u00e9n ha intervenido el gobierno, sin [&hellip;]<\/p>\n","protected":false},"author":1,"featured_media":4351,"comment_status":"open","ping_status":"open","sticky":false,"template":"","format":"standard","meta":{"_monsterinsights_skip_tracking":false,"_monsterinsights_sitenote_active":false,"_monsterinsights_sitenote_note":"","_monsterinsights_sitenote_category":0,"_jetpack_memberships_contains_paid_content":false,"footnotes":"","jetpack_publicize_message":"","jetpack_publicize_feature_enabled":true,"jetpack_social_post_already_shared":false,"jetpack_social_options":{"image_generator_settings":{"template":"highway","default_image_id":0,"font":"","enabled":false},"version":2}},"categories":[1],"tags":[],"class_list":["post-4350","post","type-post","status-publish","format-standard","has-post-thumbnail","hentry","category-sin-categoria"],"blocksy_meta":[],"jetpack_publicize_connections":[],"jetpack_featured_media_url":"https:\/\/derechosinfronteras.pe\/wp-content\/uploads\/2019\/06\/Gregorio.jpg","jetpack_sharing_enabled":true,"jetpack_likes_enabled":true,"_links":{"self":[{"href":"https:\/\/derechosinfronteras.pe\/ingles\/wp-json\/wp\/v2\/posts\/4350","targetHints":{"allow":["GET"]}}],"collection":[{"href":"https:\/\/derechosinfronteras.pe\/ingles\/wp-json\/wp\/v2\/posts"}],"about":[{"href":"https:\/\/derechosinfronteras.pe\/ingles\/wp-json\/wp\/v2\/types\/post"}],"author":[{"embeddable":true,"href":"https:\/\/derechosinfronteras.pe\/ingles\/wp-json\/wp\/v2\/users\/1"}],"replies":[{"embeddable":true,"href":"https:\/\/derechosinfronteras.pe\/ingles\/wp-json\/wp\/v2\/comments?post=4350"}],"version-history":[{"count":0,"href":"https:\/\/derechosinfronteras.pe\/ingles\/wp-json\/wp\/v2\/posts\/4350\/revisions"}],"wp:featuredmedia":[{"embeddable":true,"href":"https:\/\/derechosinfronteras.pe\/ingles\/wp-json\/wp\/v2\/media\/4351"}],"wp:attachment":[{"href":"https:\/\/derechosinfronteras.pe\/ingles\/wp-json\/wp\/v2\/media?parent=4350"}],"wp:term":[{"taxonomy":"category","embeddable":true,"href":"https:\/\/derechosinfronteras.pe\/ingles\/wp-json\/wp\/v2\/categories?post=4350"},{"taxonomy":"post_tag","embeddable":true,"href":"https:\/\/derechosinfronteras.pe\/ingles\/wp-json\/wp\/v2\/tags?post=4350"}],"curies":[{"name":"wp","href":"https:\/\/api.w.org\/{rel}","templated":true}]}}