{"id":4354,"date":"2019-06-25T10:50:52","date_gmt":"2019-06-25T15:50:52","guid":{"rendered":"http:\/\/derechosinfronteras.pe\/?p=4874"},"modified":"2019-06-25T10:50:52","modified_gmt":"2019-06-25T15:50:52","slug":"chumbivilcas-se-posterga-mesa-de-dialogo-con-mmg-las-bambas","status":"publish","type":"post","link":"https:\/\/derechosinfronteras.pe\/ingles\/chumbivilcas-se-posterga-mesa-de-dialogo-con-mmg-las-bambas\/","title":{"rendered":"Chumbivilcas: Se posterga mesa de di\u00e1logo con MMG Las Bambas y la PCM"},"content":{"rendered":"<p>25 de junio. Seg\u00fan los acuerdos de la \u00faltima reuni\u00f3n de la Mesa T\u00e9cnica para el desarrollo de Chumbivilcas, para hoy deb\u00eda realizarse una nueva sesi\u00f3n para definir el aporte econ\u00f3mico que brindar\u00e1 la empresa MMG Las Bambas a la provincia cusque\u00f1a. Sin embargo, debido a actividades de diferentes ministros, se ha decidido reprogramarla para el pr\u00f3ximo 05 de julio.<\/p>\n<p>En documento enviado por la Ministra de Desarrollo e Inclusi\u00f3n Social, Paola Bustamente, al alcalde provincial de Chumbivilcas, Marco Ibarra, solicita que se postergue la reuni\u00f3n debido a que no podr\u00e1n participar, pues en la ciudad de Ilo se realizar\u00e1 el V Gabinete Binacional entre Per\u00fa y Bolivia, el cual es un espacio para fortalecer relaciones con el pa\u00eds vecino. Las autoridades locales y las organizaciones sociales accedieron al pedido y aceptaron postergar la reuni\u00f3n.<\/p>\n<p>Cabe recordar, que esta nueva reuni\u00f3n es de suma importancia, pues la provincia solicita a la empresa MMG Las Bambas un monto de S\/. 100 millones para la ejecuci\u00f3n de proyectos de desarrollo para todos los distritos en un plazo de tres a\u00f1os. Adem\u00e1s han solicitado que funcionarios de la compa\u00f1\u00eda minera Anabi S.A.C. tambi\u00e9n participen de las reuniones.<\/p>","protected":false},"excerpt":{"rendered":"<p>25 de junio. Seg\u00fan los acuerdos de la \u00faltima reuni\u00f3n de la Mesa T\u00e9cnica para el desarrollo de Chumbivilcas, para hoy deb\u00eda realizarse una nueva sesi\u00f3n para definir el aporte econ\u00f3mico que brindar\u00e1 la empresa MMG Las Bambas a la provincia cusque\u00f1a. Sin embargo, debido a actividades de diferentes ministros, se ha decidido reprogramarla para [&hellip;]<\/p>\n","protected":false},"author":1,"featured_media":4355,"comment_status":"open","ping_status":"open","sticky":false,"template":"","format":"standard","meta":{"_monsterinsights_skip_tracking":false,"_monsterinsights_sitenote_active":false,"_monsterinsights_sitenote_note":"","_monsterinsights_sitenote_category":0,"_jetpack_memberships_contains_paid_content":false,"footnotes":"","jetpack_publicize_message":"","jetpack_publicize_feature_enabled":true,"jetpack_social_post_already_shared":false,"jetpack_social_options":{"image_generator_settings":{"template":"highway","default_image_id":0,"font":"","enabled":false},"version":2}},"categories":[1],"tags":[],"class_list":["post-4354","post","type-post","status-publish","format-standard","has-post-thumbnail","hentry","category-sin-categoria"],"blocksy_meta":[],"jetpack_publicize_connections":[],"jetpack_featured_media_url":"https:\/\/derechosinfronteras.pe\/wp-content\/uploads\/2019\/06\/Dialogo-en-Chumbi-1.jpg","jetpack_sharing_enabled":true,"jetpack_likes_enabled":true,"_links":{"self":[{"href":"https:\/\/derechosinfronteras.pe\/ingles\/wp-json\/wp\/v2\/posts\/4354","targetHints":{"allow":["GET"]}}],"collection":[{"href":"https:\/\/derechosinfronteras.pe\/ingles\/wp-json\/wp\/v2\/posts"}],"about":[{"href":"https:\/\/derechosinfronteras.pe\/ingles\/wp-json\/wp\/v2\/types\/post"}],"author":[{"embeddable":true,"href":"https:\/\/derechosinfronteras.pe\/ingles\/wp-json\/wp\/v2\/users\/1"}],"replies":[{"embeddable":true,"href":"https:\/\/derechosinfronteras.pe\/ingles\/wp-json\/wp\/v2\/comments?post=4354"}],"version-history":[{"count":0,"href":"https:\/\/derechosinfronteras.pe\/ingles\/wp-json\/wp\/v2\/posts\/4354\/revisions"}],"wp:featuredmedia":[{"embeddable":true,"href":"https:\/\/derechosinfronteras.pe\/ingles\/wp-json\/wp\/v2\/media\/4355"}],"wp:attachment":[{"href":"https:\/\/derechosinfronteras.pe\/ingles\/wp-json\/wp\/v2\/media?parent=4354"}],"wp:term":[{"taxonomy":"category","embeddable":true,"href":"https:\/\/derechosinfronteras.pe\/ingles\/wp-json\/wp\/v2\/categories?post=4354"},{"taxonomy":"post_tag","embeddable":true,"href":"https:\/\/derechosinfronteras.pe\/ingles\/wp-json\/wp\/v2\/tags?post=4354"}],"curies":[{"name":"wp","href":"https:\/\/api.w.org\/{rel}","templated":true}]}}