{"id":4356,"date":"2019-06-21T22:23:46","date_gmt":"2019-06-22T03:23:46","guid":{"rendered":"http:\/\/derechosinfronteras.pe\/?p=4869"},"modified":"2019-06-21T22:23:46","modified_gmt":"2019-06-22T03:23:46","slug":"espinar-huancane-bajo-se-pronuncia-en-contra-de-glencore","status":"publish","type":"post","link":"https:\/\/derechosinfronteras.pe\/ingles\/espinar-huancane-bajo-se-pronuncia-en-contra-de-glencore\/","title":{"rendered":"Espinar: Huancan\u00e9 Bajo se pronuncia en contra de Glencore"},"content":{"rendered":"<p><em>(21 de junio). <\/em>Desde el 20 de junio,\u00a0 la comunidad originaria de Bajo Huancan\u00e9 vienen realizando un plant\u00f3n frente al campamento minero de Glencore Antapaccay con el fin de tener una reuni\u00f3n con el gerente general, sin embargo, hasta ahora no se ha logrado ninguna espacio de di\u00e1logo. Hoy la comunidad hizo p\u00fablico un pronunciamiento en el que rechazan las acciones de empresa minera en menci\u00f3n, debido a que han incumplido reiteradamente sus compromisos con la poblaci\u00f3n.<\/p>\n<p>En el documento se\u00f1alan que como comunidad han participado en reuniones con funcionarios de la empresa para debatir la problem\u00e1tica ambiental generado por las operaciones mineras, sin embargo, consideran que la compa\u00f1\u00eda usa los espacios de di\u00e1logo para dilatar el tiempo y no cumplir los acuerdos de mitigaci\u00f3n.<\/p>\n<p>En el pronunciamiento han planteado temas urgentes por atender: Que se respete su derecho a la salud, que b\u00e1sicamente es un pedido de atenci\u00f3n integral a las personas afectadas por metales t\u00f3xicos; han denunciado que sus fuentes de agua naturales est\u00e1n evidentemente contaminadas, por eso exigen que se garantice el abastecimiento de agua potable y para riego; expresan su preocupaci\u00f3n por la presencia de relaves cerca a sus comunidades y cultivos; la necesidad de implementar proyectos de inversi\u00f3n que generen ingresos econ\u00f3micos alternativos.<br \/>\nPor otro lado, exigen acceso a puestos de trabajo para las y los comuneros, pues aseguran ser excluidos en los procesos de convocatoria laborales, poniendo como excusa la poca preparaci\u00f3n acad\u00e9mica, en tanto solicitan un programa de becas que beneficie profesionalmente a los m\u00e1s j\u00f3venes.<\/p>\n<p>Finalmente, concluyen su pronunciamiento afirmando que continuaran apostando por el di\u00e1logo, pero que la atenci\u00f3n a sus demandas sea real, de lo contrario asumir\u00e1n otras medidas para hacer respetar sus derechos como pueblo originario.<\/p>","protected":false},"excerpt":{"rendered":"<p>(21 de junio). Desde el 20 de junio,\u00a0 la comunidad originaria de Bajo Huancan\u00e9 vienen realizando un plant\u00f3n frente al campamento minero de Glencore Antapaccay con el fin de tener una reuni\u00f3n con el gerente general, sin embargo, hasta ahora no se ha logrado ninguna espacio de di\u00e1logo. Hoy la comunidad hizo p\u00fablico un pronunciamiento [&hellip;]<\/p>\n","protected":false},"author":1,"featured_media":4357,"comment_status":"open","ping_status":"open","sticky":false,"template":"","format":"standard","meta":{"_monsterinsights_skip_tracking":false,"_monsterinsights_sitenote_active":false,"_monsterinsights_sitenote_note":"","_monsterinsights_sitenote_category":0,"_jetpack_memberships_contains_paid_content":false,"footnotes":"","jetpack_publicize_message":"","jetpack_publicize_feature_enabled":true,"jetpack_social_post_already_shared":false,"jetpack_social_options":{"image_generator_settings":{"template":"highway","default_image_id":0,"font":"","enabled":false},"version":2}},"categories":[1],"tags":[],"class_list":["post-4356","post","type-post","status-publish","format-standard","has-post-thumbnail","hentry","category-sin-categoria"],"blocksy_meta":[],"jetpack_publicize_connections":[],"jetpack_featured_media_url":"https:\/\/derechosinfronteras.pe\/wp-content\/uploads\/2019\/06\/huancane-baje.jpg","jetpack_sharing_enabled":true,"jetpack_likes_enabled":true,"_links":{"self":[{"href":"https:\/\/derechosinfronteras.pe\/ingles\/wp-json\/wp\/v2\/posts\/4356","targetHints":{"allow":["GET"]}}],"collection":[{"href":"https:\/\/derechosinfronteras.pe\/ingles\/wp-json\/wp\/v2\/posts"}],"about":[{"href":"https:\/\/derechosinfronteras.pe\/ingles\/wp-json\/wp\/v2\/types\/post"}],"author":[{"embeddable":true,"href":"https:\/\/derechosinfronteras.pe\/ingles\/wp-json\/wp\/v2\/users\/1"}],"replies":[{"embeddable":true,"href":"https:\/\/derechosinfronteras.pe\/ingles\/wp-json\/wp\/v2\/comments?post=4356"}],"version-history":[{"count":0,"href":"https:\/\/derechosinfronteras.pe\/ingles\/wp-json\/wp\/v2\/posts\/4356\/revisions"}],"wp:featuredmedia":[{"embeddable":true,"href":"https:\/\/derechosinfronteras.pe\/ingles\/wp-json\/wp\/v2\/media\/4357"}],"wp:attachment":[{"href":"https:\/\/derechosinfronteras.pe\/ingles\/wp-json\/wp\/v2\/media?parent=4356"}],"wp:term":[{"taxonomy":"category","embeddable":true,"href":"https:\/\/derechosinfronteras.pe\/ingles\/wp-json\/wp\/v2\/categories?post=4356"},{"taxonomy":"post_tag","embeddable":true,"href":"https:\/\/derechosinfronteras.pe\/ingles\/wp-json\/wp\/v2\/tags?post=4356"}],"curies":[{"name":"wp","href":"https:\/\/api.w.org\/{rel}","templated":true}]}}