{"id":4358,"date":"2019-06-18T17:18:10","date_gmt":"2019-06-18T22:18:10","guid":{"rendered":"http:\/\/derechosinfronteras.pe\/?p=4862"},"modified":"2019-06-18T17:18:10","modified_gmt":"2019-06-18T22:18:10","slug":"espinar-comunidad-de-pacopata-se-prepara-para-consulta-previa","status":"publish","type":"post","link":"https:\/\/derechosinfronteras.pe\/ingles\/espinar-comunidad-de-pacopata-se-prepara-para-consulta-previa\/","title":{"rendered":"Espinar: Comunidad de Pacopata se prepara para Consulta Previa"},"content":{"rendered":"<p>18 de junio. La comunidad Espinarense de Pacopata, afectada directamente por la Modificaci\u00f3n del Estudio de Impacto Ambiental (MEIA) del nuevo proyecto minero Antapaccay Expansi\u00f3n Tintaya Integraci\u00f3n Coroccohuayco, realiz\u00f3 hoy una jornada de informaci\u00f3n sobre su derecho a la consulta previa, libre e informada , socializaci\u00f3n del MEIA, recursos h\u00eddricos y temas de salud en contextos mineros .<\/p>\n<p>Cabe recordar, que como parte de la Mesa de Di\u00e1logo en Espinar, se ha instalado una Submesa para abordar el tema de la consulta previa; Francisco \u00cdsmodes, Ministro de Energ\u00eda y Minas, ha manifestado p\u00fablicamente que el gobierno est\u00e1 comprometido a realizar la consulta a las comunidades afectadas por la nueva extensi\u00f3n del proyecto minera de la trasnacional Glencore. Es una obligaci\u00f3n del Estado consultar a las comunidades afectadas antes de la aprobaci\u00f3n del estudio de impacto ambiental y el inicio de la explotaci\u00f3n del proyecto minero.<\/p>\n<p>Es importante se\u00f1alar que en la provincia de Espinar se han desarrollado reiterados conflictos sociales producto de la falta de cumplimiento de compromisos de la Empresa Minera y la ausencia del Estado como garante de los derechos fundamentales en la salud y medio Ambiente.<\/p>\n<p>Como parte de este proceso, Derechos Humanos sin Fronteras, CooperAccion y el Instituto de Defensa Legal (IDL) han sido invitadas para participar en los talleres de intercambio de conocimientos y experiencias sobre el ejercicio de los derechos de los pueblos originarios, el derecho al medio ambiente equilibrado, los est\u00e1ndares exigidos por la Corte Interamericana de Derechos Humanos y del Convenio 169 de la OIT que promueven la consulta previa.<\/p>\n<p><iframe style=\"border: none; overflow: hidden;\" src=\"https:\/\/www.facebook.com\/plugins\/video.php?href=https%3A%2F%2Fwww.facebook.com%2Fderechossinfronteras.pe%2Fvideos%2F329225011100347%2F&amp;show_text=0&amp;width=560\" width=\"560\" height=\"315\" frameborder=\"0\" scrolling=\"no\" allowfullscreen=\"allowfullscreen\"><\/iframe><\/p>\n<p>&nbsp;<\/p>","protected":false},"excerpt":{"rendered":"<p>18 de junio. La comunidad Espinarense de Pacopata, afectada directamente por la Modificaci\u00f3n del Estudio de Impacto Ambiental (MEIA) del nuevo proyecto minero Antapaccay Expansi\u00f3n Tintaya Integraci\u00f3n Coroccohuayco, realiz\u00f3 hoy una jornada de informaci\u00f3n sobre su derecho a la consulta previa, libre e informada , socializaci\u00f3n del MEIA, recursos h\u00eddricos y temas de salud en [&hellip;]<\/p>\n","protected":false},"author":1,"featured_media":4359,"comment_status":"open","ping_status":"open","sticky":false,"template":"","format":"standard","meta":{"_monsterinsights_skip_tracking":false,"_monsterinsights_sitenote_active":false,"_monsterinsights_sitenote_note":"","_monsterinsights_sitenote_category":0,"_jetpack_memberships_contains_paid_content":false,"footnotes":"","jetpack_publicize_message":"","jetpack_publicize_feature_enabled":true,"jetpack_social_post_already_shared":false,"jetpack_social_options":{"image_generator_settings":{"template":"highway","default_image_id":0,"font":"","enabled":false},"version":2}},"categories":[1],"tags":[],"class_list":["post-4358","post","type-post","status-publish","format-standard","has-post-thumbnail","hentry","category-sin-categoria"],"blocksy_meta":[],"jetpack_publicize_connections":[],"jetpack_featured_media_url":"https:\/\/derechosinfronteras.pe\/wp-content\/uploads\/2019\/06\/Consulta-Previa.jpg","jetpack_sharing_enabled":true,"jetpack_likes_enabled":true,"_links":{"self":[{"href":"https:\/\/derechosinfronteras.pe\/ingles\/wp-json\/wp\/v2\/posts\/4358","targetHints":{"allow":["GET"]}}],"collection":[{"href":"https:\/\/derechosinfronteras.pe\/ingles\/wp-json\/wp\/v2\/posts"}],"about":[{"href":"https:\/\/derechosinfronteras.pe\/ingles\/wp-json\/wp\/v2\/types\/post"}],"author":[{"embeddable":true,"href":"https:\/\/derechosinfronteras.pe\/ingles\/wp-json\/wp\/v2\/users\/1"}],"replies":[{"embeddable":true,"href":"https:\/\/derechosinfronteras.pe\/ingles\/wp-json\/wp\/v2\/comments?post=4358"}],"version-history":[{"count":0,"href":"https:\/\/derechosinfronteras.pe\/ingles\/wp-json\/wp\/v2\/posts\/4358\/revisions"}],"wp:featuredmedia":[{"embeddable":true,"href":"https:\/\/derechosinfronteras.pe\/ingles\/wp-json\/wp\/v2\/media\/4359"}],"wp:attachment":[{"href":"https:\/\/derechosinfronteras.pe\/ingles\/wp-json\/wp\/v2\/media?parent=4358"}],"wp:term":[{"taxonomy":"category","embeddable":true,"href":"https:\/\/derechosinfronteras.pe\/ingles\/wp-json\/wp\/v2\/categories?post=4358"},{"taxonomy":"post_tag","embeddable":true,"href":"https:\/\/derechosinfronteras.pe\/ingles\/wp-json\/wp\/v2\/tags?post=4358"}],"curies":[{"name":"wp","href":"https:\/\/api.w.org\/{rel}","templated":true}]}}