{"id":4360,"date":"2019-06-18T15:44:37","date_gmt":"2019-06-18T20:44:37","guid":{"rendered":"http:\/\/derechosinfronteras.pe\/?p=4859"},"modified":"2019-06-18T15:44:37","modified_gmt":"2019-06-18T20:44:37","slug":"defensoria-del-pueblo-cusco-es-la-segunda-region-con-mas-conflictos-sociales","status":"publish","type":"post","link":"https:\/\/derechosinfronteras.pe\/ingles\/defensoria-del-pueblo-cusco-es-la-segunda-region-con-mas-conflictos-sociales\/","title":{"rendered":"\ufeffDefensor\u00eda del Pueblo: Cusco es la segunda regi\u00f3n con m\u00e1s conflictos sociales"},"content":{"rendered":"<p>18 de junio. Seg\u00fan el\u00a0<a href=\"https:\/\/www.defensoria.gob.pe\/wp-content\/uploads\/2019\/06\/Conflictos-Sociales-N%C2%B0-183-Mayo-2019.pdf\" target=\"_blank\" rel=\"noopener\">Reporte de Conflictos Sociales N\u00b0 183<\/a>, publicado hoy por la Defensor\u00eda del Pueblo, Cusco es la segunda regi\u00f3n, despu\u00e9s de \u00c1ncash, que concentra m\u00e1s casos. 10 de los<em><strong>\u00a018 conflictos registrados<\/strong><\/em>\u00a0son de tipo socioambiental y est\u00e1n relacionados a la miner\u00eda en las provincias de Espinar, Chumbivilcas y Paruro.<\/p>\n<p>Seg\u00fan el Reporte, a nivel nacional se han registrado 176 conflictos sociales. De estos, 116 conflictos (<em>el 66%<\/em>)\u00a0<em>son de este tipo socioambiental<\/em>. 72 de los 116 casos est\u00e1n relacionados a la actividad minera y 18 a actividades hidrocarbur\u00edferas (ambas actividades suman casi el 78% del total.<\/p>\n<p>La Defensor\u00eda del Pueblo define como conflicto socioambiental a aquel que se produce por el control, uso y\/o acceso al ambiente y sus recursos. Y que tiene componentes pol\u00edticos, econ\u00f3micos, sociales y culturales.<\/p>\n<p><strong>ALERTAS TEMPRANAS<\/strong><\/p>\n<p>La Defensor\u00eda del Pueblo tambi\u00e9n informa sobre casos y situaciones que \u2013a su consideraci\u00f3n- merecen una intervenci\u00f3n prioritaria por parte de las autoridades competentes para prevenir conflictos sociales.<\/p>\n<p><strong><em>En el caso de Cusco<\/em><\/strong>, la Defensor\u00eda de Pueblo, recomienda que las autoridades pongan atenci\u00f3n sobre el caso del telef\u00e9rico Uchuy Qosqo, en la comunidad campesina de Sacllo (Urubamba).<\/p>\n<p style=\"text-align: right;\">Fuente: <a href=\"https:\/\/www.pulsoregional.pe\/2019\/06\/18\/%EF%BB%BFcusco-es-la-segunda-region-del-peru-con-mas-conflictos-sociales\/?preview=true&amp;_thumbnail_id=3629&amp;fbclid=IwAR1hjyjGtOj9nvxhC00ZKaREP9ZplaIxaeAfmUxDcDsT1BXS-yTyv1Ga3ZM?EsetProtoscanCtx=e0a4bb8a90\" target=\"_blank\" rel=\"noopener\">Pulso Regional<\/a><\/p>","protected":false},"excerpt":{"rendered":"<p>18 de junio. Seg\u00fan el\u00a0Reporte de Conflictos Sociales N\u00b0 183, publicado hoy por la Defensor\u00eda del Pueblo, Cusco es la segunda regi\u00f3n, despu\u00e9s de \u00c1ncash, que concentra m\u00e1s casos. 10 de los\u00a018 conflictos registrados\u00a0son de tipo socioambiental y est\u00e1n relacionados a la miner\u00eda en las provincias de Espinar, Chumbivilcas y Paruro. Seg\u00fan el Reporte, a [&hellip;]<\/p>\n","protected":false},"author":1,"featured_media":4361,"comment_status":"open","ping_status":"open","sticky":false,"template":"","format":"standard","meta":{"_monsterinsights_skip_tracking":false,"_monsterinsights_sitenote_active":false,"_monsterinsights_sitenote_note":"","_monsterinsights_sitenote_category":0,"_jetpack_memberships_contains_paid_content":false,"footnotes":"","jetpack_publicize_message":"","jetpack_publicize_feature_enabled":true,"jetpack_social_post_already_shared":false,"jetpack_social_options":{"image_generator_settings":{"template":"highway","default_image_id":0,"font":"","enabled":false},"version":2}},"categories":[1],"tags":[],"class_list":["post-4360","post","type-post","status-publish","format-standard","has-post-thumbnail","hentry","category-sin-categoria"],"blocksy_meta":[],"jetpack_publicize_connections":[],"jetpack_featured_media_url":"https:\/\/derechosinfronteras.pe\/wp-content\/uploads\/2019\/06\/Defensoria.jpg","jetpack_sharing_enabled":true,"jetpack_likes_enabled":true,"_links":{"self":[{"href":"https:\/\/derechosinfronteras.pe\/ingles\/wp-json\/wp\/v2\/posts\/4360","targetHints":{"allow":["GET"]}}],"collection":[{"href":"https:\/\/derechosinfronteras.pe\/ingles\/wp-json\/wp\/v2\/posts"}],"about":[{"href":"https:\/\/derechosinfronteras.pe\/ingles\/wp-json\/wp\/v2\/types\/post"}],"author":[{"embeddable":true,"href":"https:\/\/derechosinfronteras.pe\/ingles\/wp-json\/wp\/v2\/users\/1"}],"replies":[{"embeddable":true,"href":"https:\/\/derechosinfronteras.pe\/ingles\/wp-json\/wp\/v2\/comments?post=4360"}],"version-history":[{"count":0,"href":"https:\/\/derechosinfronteras.pe\/ingles\/wp-json\/wp\/v2\/posts\/4360\/revisions"}],"wp:featuredmedia":[{"embeddable":true,"href":"https:\/\/derechosinfronteras.pe\/ingles\/wp-json\/wp\/v2\/media\/4361"}],"wp:attachment":[{"href":"https:\/\/derechosinfronteras.pe\/ingles\/wp-json\/wp\/v2\/media?parent=4360"}],"wp:term":[{"taxonomy":"category","embeddable":true,"href":"https:\/\/derechosinfronteras.pe\/ingles\/wp-json\/wp\/v2\/categories?post=4360"},{"taxonomy":"post_tag","embeddable":true,"href":"https:\/\/derechosinfronteras.pe\/ingles\/wp-json\/wp\/v2\/tags?post=4360"}],"curies":[{"name":"wp","href":"https:\/\/api.w.org\/{rel}","templated":true}]}}