{"id":4362,"date":"2019-06-14T18:00:00","date_gmt":"2019-06-14T23:00:00","guid":{"rendered":"http:\/\/derechosinfronteras.pe\/?p=4855"},"modified":"2019-06-14T18:00:00","modified_gmt":"2019-06-14T23:00:00","slug":"las-bambas-nuevos-acuerdos-en-la-mesa-de-justicia-y-dd-hh","status":"publish","type":"post","link":"https:\/\/derechosinfronteras.pe\/ingles\/las-bambas-nuevos-acuerdos-en-la-mesa-de-justicia-y-dd-hh\/","title":{"rendered":"Las Bambas: Nuevos acuerdos en la mesa de Justicia y DD.HH."},"content":{"rendered":"<p style=\"font-style: inherit; font-weight: inherit;\">14 de junio. Hoy, al promediar las 11 de la ma\u00f1ana, se retom\u00f3 la mesa de trabajo de Justicia y DD.HH. en Tambobamba, provincia de Cotabambas, Apur\u00edmac, en la que participaron autoridades, asesores ministeriales, funcionarios del Ministerio de Energ\u00eda, Ministerio de Justicia y Minas y Ministerio de Transportes y Comunicaciones y dirigentes comunales.<\/p>\n<p style=\"font-style: inherit; font-weight: inherit;\">Como se recuerda, esta mesa es parte del proceso de di\u00e1logo que inici\u00f3 el gobierno central con autoridades regionales y locales, empresa y representantes de comunidades originarias despu\u00e9s del conflicto que inici\u00f3 con Nueva Fuerabamba. La mesa de di\u00e1logo, con diferentes grupos de trabajo, se cre\u00f3 con el objetivo de atender \u00a0las exigencias de las comunidades afectadas por la empresa minera MMG Las Bambas.<\/p>\n<p>Durante la reuni\u00f3n, el Director General de Defensa P\u00fablica, C\u00e9sar C\u00e1rdenas, inform\u00f3 sobre los compromisos que asumi\u00f3 su oficina el \u00faltimo 24 de mayo, cuyo plazo venc\u00eda hoy. C\u00e1rdenas reafirm\u00f3 el archivamiento de tres Carpetas Fiscales de Cotabambas, en los cuales se procesaba a dirigentes comunales por conflictos del a\u00f1o 2018.<\/p>\n<p>Para el caso de Challhuahuacho, C\u00e1rdenas se\u00f1al\u00f3 que el \u00e1rea legal de la empresa minera MMG Las Bambas ha mostrado su disposici\u00f3n de llegar a un acuerdo de transacci\u00f3n con los dirigentes y comuneros denunciados, para lo que ser\u00e1 necesario una reuni\u00f3n en la que est\u00e9n presentes sus abogados. Son muchos los casos de criminalizaci\u00f3n por lo cual, la Defensa P\u00fablica se comprometi\u00f3 a tener una lista completa de las personas que han sido denunciadas durante los conflictos sociales.<\/p>\n<p>Por otro lado, la empresa minera en menci\u00f3n se ha comprometido a brindar apoyo econ\u00f3mico a las familias de los fallecidos en el conflicto del a\u00f1o 2015. El Estado por su parte iniciar\u00e1 gestiones para que los familiares directos de los fallecidos se beneficien de programas sociales y sean inscritos al Sistema Integral de Salud.<\/p>\n<p>La pr\u00f3xima reuni\u00f3n del Grupo de Trabajo de Justicia y DD.HH. se realizar\u00e1 el 26 de julio del presente a\u00f1o, nuevamente en la ciudad de Tambobamba.<\/p>","protected":false},"excerpt":{"rendered":"<p>14 de junio. Hoy, al promediar las 11 de la ma\u00f1ana, se retom\u00f3 la mesa de trabajo de Justicia y DD.HH. en Tambobamba, provincia de Cotabambas, Apur\u00edmac, en la que participaron autoridades, asesores ministeriales, funcionarios del Ministerio de Energ\u00eda, Ministerio de Justicia y Minas y Ministerio de Transportes y Comunicaciones y dirigentes comunales. Como se [&hellip;]<\/p>\n","protected":false},"author":1,"featured_media":4363,"comment_status":"open","ping_status":"open","sticky":false,"template":"","format":"standard","meta":{"_monsterinsights_skip_tracking":false,"_monsterinsights_sitenote_active":false,"_monsterinsights_sitenote_note":"","_monsterinsights_sitenote_category":0,"_jetpack_memberships_contains_paid_content":false,"footnotes":"","jetpack_publicize_message":"","jetpack_publicize_feature_enabled":true,"jetpack_social_post_already_shared":false,"jetpack_social_options":{"image_generator_settings":{"template":"highway","default_image_id":0,"font":"","enabled":false},"version":2}},"categories":[1],"tags":[],"class_list":["post-4362","post","type-post","status-publish","format-standard","has-post-thumbnail","hentry","category-sin-categoria"],"blocksy_meta":[],"jetpack_publicize_connections":[],"jetpack_featured_media_url":"https:\/\/derechosinfronteras.pe\/wp-content\/uploads\/2019\/06\/Las-Bambas.jpg","jetpack_sharing_enabled":true,"jetpack_likes_enabled":true,"_links":{"self":[{"href":"https:\/\/derechosinfronteras.pe\/ingles\/wp-json\/wp\/v2\/posts\/4362","targetHints":{"allow":["GET"]}}],"collection":[{"href":"https:\/\/derechosinfronteras.pe\/ingles\/wp-json\/wp\/v2\/posts"}],"about":[{"href":"https:\/\/derechosinfronteras.pe\/ingles\/wp-json\/wp\/v2\/types\/post"}],"author":[{"embeddable":true,"href":"https:\/\/derechosinfronteras.pe\/ingles\/wp-json\/wp\/v2\/users\/1"}],"replies":[{"embeddable":true,"href":"https:\/\/derechosinfronteras.pe\/ingles\/wp-json\/wp\/v2\/comments?post=4362"}],"version-history":[{"count":0,"href":"https:\/\/derechosinfronteras.pe\/ingles\/wp-json\/wp\/v2\/posts\/4362\/revisions"}],"wp:featuredmedia":[{"embeddable":true,"href":"https:\/\/derechosinfronteras.pe\/ingles\/wp-json\/wp\/v2\/media\/4363"}],"wp:attachment":[{"href":"https:\/\/derechosinfronteras.pe\/ingles\/wp-json\/wp\/v2\/media?parent=4362"}],"wp:term":[{"taxonomy":"category","embeddable":true,"href":"https:\/\/derechosinfronteras.pe\/ingles\/wp-json\/wp\/v2\/categories?post=4362"},{"taxonomy":"post_tag","embeddable":true,"href":"https:\/\/derechosinfronteras.pe\/ingles\/wp-json\/wp\/v2\/tags?post=4362"}],"curies":[{"name":"wp","href":"https:\/\/api.w.org\/{rel}","templated":true}]}}