{"id":4364,"date":"2019-06-10T13:29:20","date_gmt":"2019-06-10T18:29:20","guid":{"rendered":"http:\/\/derechosinfronteras.pe\/?p=4848"},"modified":"2019-06-10T13:29:20","modified_gmt":"2019-06-10T18:29:20","slug":"cusco-anulan-sentencia-que-prohibia-la-emision-de-la-paisana-jacinta","status":"publish","type":"post","link":"https:\/\/derechosinfronteras.pe\/ingles\/cusco-anulan-sentencia-que-prohibia-la-emision-de-la-paisana-jacinta\/","title":{"rendered":"Cusco: Anulan sentencia que prohib\u00eda la emisi\u00f3n de \u201cLa Paisana Jacinta\u201d"},"content":{"rendered":"<p>El \u00faltimo viernes 07 de junio, la <strong>Sala Civil de la Corte Superior de Justicia de Cusco<\/strong> decidi\u00f3\u00a0<em>declarar nula la sentencia que prohib\u00eda la emisi\u00f3n del programa \u201cLa Paisana Jacinta\u201d<\/em>\u00a0y adem\u00e1s ordenaba el retiro de sus videos en Youtube \u201cpor desproteger el Derecho al Honor y para proteger a la identidad cultural de los pueblos ind\u00edgenas del ande peruano.\u201d<\/p>\n<p>La sentencia fue emitida en noviembre del a\u00f1o pasado, mediante la Resoluci\u00f3n <strong>N\u00b0 76 del Poder Judicial de Cusco<\/strong>, por el proceso de amparo interpuesto en el 2014 por cuatro mujeres cusque\u00f1as: Cecilia Paniura, Rosa Supho, Irene Quispe y Rosalinda Torres, en contra de la Compa\u00f1\u00eda Latinoamericana de Radiodifusi\u00f3n S.A. \u201cFrecuencia Latina\u201d.<\/p>\n<p>Cecilia Paniura Medina, una de las mujeres demandantes,\u00a0<em>declar\u00f3 <\/em>que interpusieron la acci\u00f3n de amparo porque el programa \u201cLa Paisana Jacinta\u00a0<strong>hace ver mal a la mujer campesina, a la mujer ind\u00edgena\u2026 est\u00e1 pisoteando nuestra dignidad<\/strong>\u00a0haci\u00e9ndonos ver de caras negras, sin dientes, con trenzas en las orejas, con la falda mostrando el ombligo, panzona, totalmente desaseada, como una loca, analfabeta, tonta, as\u00ed nos est\u00e1 haciendo ver y nosotras no somos as\u00ed\u201d.<\/p>\n<p>Respecto a la decisi\u00f3n de la Sala Civil de la Corte Superior de Justicia, que ordena volver a foja cero el caso para una nueva calificaci\u00f3n, Cecilia Paniura manifest\u00f3: \u201cHemos puesto la denuncia, desde el 2014, y hasta ahora no hay justicia. (\u2026) Vamos a seguir, vamos a salir a luchar para que desaparezca ese programa. Tenemos que seguir el juicio hasta que nos escuchen los se\u00f1ores jueces. Si no hay justicia en el Cusco se tendr\u00e1 que caminar hasta Lima.\u201d<\/p>\n<p>Ma\u00f1ana, martes 11 de junio, a las 10:00 A.M., las demandantes y las instituciones que las est\u00e1n acompa\u00f1ando en este proceso (IDL, Aporvidha y Derechos Humanos sin Fronteras),\u00a0<strong>realizar\u00e1n una conferencia de prensa<\/strong>\u00a0en el Hotel Fray Bartolom\u00e9 (Av. Tullumayu N\u00b0 465, Cusco) para pronunciarse sobre el tema y anunciar sus nuevas acciones.<\/p>\n<p style=\"text-align: right;\">Fuente: <a href=\"https:\/\/www.pulsoregional.pe\/2019\/06\/10\/anulan-sentencia-que-prohibia-la-emision-de-la-paisana-jacinta\/?fbclid=IwAR0UnARSCerLwQNWi_l8hCB9Sgnu_qt2erjIDv3m_ra_7Ty0NXOinL8dZKo?EsetProtoscanCtx=e098a9da20\" target=\"_blank\" rel=\"noopener\">Pulso Regional<\/a><\/p>\n<div class=\"fb-video\" data-allowfullscreen=\"true\" data-href=\"https:\/\/www.facebook.com\/derechossinfronteras.pe\/videos\/375245916429206\/\" style=\"background-color: #fff; display: inline-block;\"><\/div>\n<p>&nbsp;<\/p>","protected":false},"excerpt":{"rendered":"<p>El \u00faltimo viernes 07 de junio, la Sala Civil de la Corte Superior de Justicia de Cusco decidi\u00f3\u00a0declarar nula la sentencia que prohib\u00eda la emisi\u00f3n del programa \u201cLa Paisana Jacinta\u201d\u00a0y adem\u00e1s ordenaba el retiro de sus videos en Youtube \u201cpor desproteger el Derecho al Honor y para proteger a la identidad cultural de los pueblos [&hellip;]<\/p>\n","protected":false},"author":1,"featured_media":4365,"comment_status":"open","ping_status":"open","sticky":false,"template":"","format":"standard","meta":{"_monsterinsights_skip_tracking":false,"_monsterinsights_sitenote_active":false,"_monsterinsights_sitenote_note":"","_monsterinsights_sitenote_category":0,"_jetpack_memberships_contains_paid_content":false,"footnotes":"","jetpack_publicize_message":"","jetpack_publicize_feature_enabled":true,"jetpack_social_post_already_shared":false,"jetpack_social_options":{"image_generator_settings":{"template":"highway","default_image_id":0,"font":"","enabled":false},"version":2}},"categories":[1],"tags":[],"class_list":["post-4364","post","type-post","status-publish","format-standard","has-post-thumbnail","hentry","category-sin-categoria"],"blocksy_meta":[],"jetpack_publicize_connections":[],"jetpack_featured_media_url":"https:\/\/derechosinfronteras.pe\/wp-content\/uploads\/2019\/06\/Jacinta.jpg","jetpack_sharing_enabled":true,"jetpack_likes_enabled":true,"_links":{"self":[{"href":"https:\/\/derechosinfronteras.pe\/ingles\/wp-json\/wp\/v2\/posts\/4364","targetHints":{"allow":["GET"]}}],"collection":[{"href":"https:\/\/derechosinfronteras.pe\/ingles\/wp-json\/wp\/v2\/posts"}],"about":[{"href":"https:\/\/derechosinfronteras.pe\/ingles\/wp-json\/wp\/v2\/types\/post"}],"author":[{"embeddable":true,"href":"https:\/\/derechosinfronteras.pe\/ingles\/wp-json\/wp\/v2\/users\/1"}],"replies":[{"embeddable":true,"href":"https:\/\/derechosinfronteras.pe\/ingles\/wp-json\/wp\/v2\/comments?post=4364"}],"version-history":[{"count":0,"href":"https:\/\/derechosinfronteras.pe\/ingles\/wp-json\/wp\/v2\/posts\/4364\/revisions"}],"wp:featuredmedia":[{"embeddable":true,"href":"https:\/\/derechosinfronteras.pe\/ingles\/wp-json\/wp\/v2\/media\/4365"}],"wp:attachment":[{"href":"https:\/\/derechosinfronteras.pe\/ingles\/wp-json\/wp\/v2\/media?parent=4364"}],"wp:term":[{"taxonomy":"category","embeddable":true,"href":"https:\/\/derechosinfronteras.pe\/ingles\/wp-json\/wp\/v2\/categories?post=4364"},{"taxonomy":"post_tag","embeddable":true,"href":"https:\/\/derechosinfronteras.pe\/ingles\/wp-json\/wp\/v2\/tags?post=4364"}],"curies":[{"name":"wp","href":"https:\/\/api.w.org\/{rel}","templated":true}]}}