{"id":4366,"date":"2019-05-30T11:49:18","date_gmt":"2019-05-30T16:49:18","guid":{"rendered":"http:\/\/derechosinfronteras.pe\/?p=4841"},"modified":"2019-05-30T11:49:18","modified_gmt":"2019-05-30T16:49:18","slug":"autoridades-y-organizaciones-de-la-sociedad-civil-plantearan-medidas-ante-los-conflictos-sociales-de-la-region","status":"publish","type":"post","link":"https:\/\/derechosinfronteras.pe\/ingles\/autoridades-y-organizaciones-de-la-sociedad-civil-plantearan-medidas-ante-los-conflictos-sociales-de-la-region\/","title":{"rendered":"Autoridades y organizaciones de la sociedad civil plantear\u00e1n medidas ante los conflictos sociales de la regi\u00f3n"},"content":{"rendered":"<figure id=\"attachment_4842\" aria-describedby=\"caption-attachment-4842\" style=\"width: 660px\" class=\"wp-caption aligncenter\"><img fetchpriority=\"high\" decoding=\"async\" class=\"size-full wp-image-4842\" src=\"http:\/\/derechosinfronteras.pe\/wp-content\/uploads\/2019\/05\/noticia-1559092919-p9n1-autoridades.png\" alt=\"\" width=\"660\" height=\"361\" \/><figcaption id=\"caption-attachment-4842\" class=\"wp-caption-text\">El gobernador regional, Jean Paul Benavente, convoc\u00f3 a la reuni\u00f3n.<br \/>FOTO: LA REP\u00daBLICA<\/figcaption><\/figure>\n<p>El Gobierno Regional del Cusco ha convocado a autoridades y organizaciones de la sociedad civil para una reuni\u00f3n de di\u00e1logo y coordinaci\u00f3n que fije un conjunto de pedidos ante el Ejecutivo respecto a varios temas y proyectos importantes para la regi\u00f3n.<\/p>\n<p>&nbsp;<\/p>\n<p>El espacio de di\u00e1logo, que se ha denominado \u201cAlianza de autoridades y organizaciones de la sociedad civil por la defensa de los intereses de la regi\u00f3n Cusco\u201d, se realizar\u00e1 hoy jueves 30 de mayo a las 3:00 p.m. en el auditorio de la sede central del Gobierno Regional.<\/p>\n<p>&nbsp;<\/p>\n<p>La agenda incluye temas en torno a cuatro grandes ejes: el primer grupo de pedidos tratar\u00e1 la mejora en la distribuci\u00f3n del presupuesto p\u00fablico, aceleraci\u00f3n de las inversiones en la regi\u00f3n e infraestructura en salud, educaci\u00f3n y transporte.<\/p>\n<p>&nbsp;<\/p>\n<p>Un segundo eje tem\u00e1tico gira en torno a proyectos inconclusos en la regi\u00f3n, como el Aeropuerto de Chinchero, Gaseoducto Sur Peruano, Hospital Lorena y la V\u00eda Expresa. Las dos primeras obras, el aeropuerto y el gaseoducto, est\u00e1n en proceso de destrabe por parte de los ministerios de Energ\u00eda y Minas y Transportes y Comunicaciones, sin embargo, las dos \u00faltimas son de competencia de la gesti\u00f3n regional. El gobernador Jean Paul Benavente prometi\u00f3 destrabar el Hospital y la V\u00eda Expresa en el primer semestre de este a\u00f1o.<\/p>\n<p>Como parte de este bloque de demandas tambi\u00e9n se dialogar\u00e1 sobre el afianzamiento h\u00eddrico en la regi\u00f3n.<\/p>\n<p>&nbsp;<\/p>\n<p><strong>La resoluci\u00f3n de conflictos sociales ser\u00e1n tema del tercer bloque.<\/strong> Seg\u00fan el Reporte de Conflictos Sociales de la Defensor\u00eda del Pueblo del mes de abril, <em>Cusco es la segunda regi\u00f3n con la mayor cantidad de casos a nivel nacional, con 18 conflictos \u2013en su mayor\u00eda relacionados a la miner\u00eda-<\/em>; adem\u00e1s, se registr\u00f3 un nuevo conflicto de car\u00e1cter socioambiental entre la empresa minera Hudbay y la comunidad campesina de Tacrara, en reclamo por los impactos ambientales que ocasiona el uso de la v\u00eda vecinal usada en el transporte de minerales.<\/p>\n<p>El Reporte tambi\u00e9n menciona las exigencias de los agricultores y las juntas de usuarios de riego para que el gobierno nacional aplique medidas que los beneficien.<\/p>\n<p>&nbsp;<\/p>\n<p>El \u00faltimo eje tem\u00e1tico girar\u00e1 en torno al desarrollo tur\u00edstico: la mejora de la calidad de los servicios de Per\u00fa Rail y el \u00c1rea de Conservaci\u00f3n de Choquequirao, entre otros.<\/p>\n<p>Respecto a este monumento arqueol\u00f3gico, el mi\u00e9rcoles 29 de mayo se public\u00f3 la Ley N\u00b0 30950, que declara de inter\u00e9s nacional la elaboraci\u00f3n de planes regionales, en Cusco y Apur\u00edmac, para el acceso a Coquequirao y su integraci\u00f3n a Machupicchu.<\/p>","protected":false},"excerpt":{"rendered":"<p>El Gobierno Regional del Cusco ha convocado a autoridades y organizaciones de la sociedad civil para una reuni\u00f3n de di\u00e1logo y coordinaci\u00f3n que fije un conjunto de pedidos ante el Ejecutivo respecto a varios temas y proyectos importantes para la regi\u00f3n. &nbsp; El espacio de di\u00e1logo, que se ha denominado \u201cAlianza de autoridades y organizaciones [&hellip;]<\/p>\n","protected":false},"author":1,"featured_media":0,"comment_status":"open","ping_status":"open","sticky":false,"template":"","format":"standard","meta":{"_monsterinsights_skip_tracking":false,"_monsterinsights_sitenote_active":false,"_monsterinsights_sitenote_note":"","_monsterinsights_sitenote_category":0,"_jetpack_memberships_contains_paid_content":false,"footnotes":"","jetpack_publicize_message":"","jetpack_publicize_feature_enabled":true,"jetpack_social_post_already_shared":false,"jetpack_social_options":{"image_generator_settings":{"template":"highway","default_image_id":0,"font":"","enabled":false},"version":2}},"categories":[1],"tags":[],"class_list":["post-4366","post","type-post","status-publish","format-standard","hentry","category-sin-categoria"],"blocksy_meta":[],"jetpack_publicize_connections":[],"jetpack_featured_media_url":"","jetpack_sharing_enabled":true,"jetpack_likes_enabled":true,"_links":{"self":[{"href":"https:\/\/derechosinfronteras.pe\/ingles\/wp-json\/wp\/v2\/posts\/4366","targetHints":{"allow":["GET"]}}],"collection":[{"href":"https:\/\/derechosinfronteras.pe\/ingles\/wp-json\/wp\/v2\/posts"}],"about":[{"href":"https:\/\/derechosinfronteras.pe\/ingles\/wp-json\/wp\/v2\/types\/post"}],"author":[{"embeddable":true,"href":"https:\/\/derechosinfronteras.pe\/ingles\/wp-json\/wp\/v2\/users\/1"}],"replies":[{"embeddable":true,"href":"https:\/\/derechosinfronteras.pe\/ingles\/wp-json\/wp\/v2\/comments?post=4366"}],"version-history":[{"count":0,"href":"https:\/\/derechosinfronteras.pe\/ingles\/wp-json\/wp\/v2\/posts\/4366\/revisions"}],"wp:attachment":[{"href":"https:\/\/derechosinfronteras.pe\/ingles\/wp-json\/wp\/v2\/media?parent=4366"}],"wp:term":[{"taxonomy":"category","embeddable":true,"href":"https:\/\/derechosinfronteras.pe\/ingles\/wp-json\/wp\/v2\/categories?post=4366"},{"taxonomy":"post_tag","embeddable":true,"href":"https:\/\/derechosinfronteras.pe\/ingles\/wp-json\/wp\/v2\/tags?post=4366"}],"curies":[{"name":"wp","href":"https:\/\/api.w.org\/{rel}","templated":true}]}}