{"id":4372,"date":"2019-05-27T12:54:51","date_gmt":"2019-05-27T17:54:51","guid":{"rendered":"http:\/\/derechosinfronteras.pe\/?p=4821"},"modified":"2019-05-27T12:54:51","modified_gmt":"2019-05-27T17:54:51","slug":"reinicia-juicio-oral-contra-ex-alcalde-de-espinar-oscar-mollohuanca-y-exdirigentes-del-fudie","status":"publish","type":"post","link":"https:\/\/derechosinfronteras.pe\/ingles\/reinicia-juicio-oral-contra-ex-alcalde-de-espinar-oscar-mollohuanca-y-exdirigentes-del-fudie\/","title":{"rendered":"Reinicia Juicio Oral contra ex alcalde de Espinar Oscar Mollohuanca y exdirigentes del FUDIE"},"content":{"rendered":"<p><strong>Ica:<\/strong> Este martes 28 de mayo reinicia el juicio oral contra el ex alcalde de la provincia cusque\u00f1a de Espinar, Oscar Mollohuanca y los ex dirigentes sociales Herbert Huam\u00e1n y Sergio Huaman\u00ed, ellos vienen afrontando un largo proceso penal por participar en la movilizaci\u00f3n social de mayo del 2012. El 2\u00b0 Juzgado Penal Unipersonal de Ica ha notificado para que la audiencia se lleve a cabo a las 09:00 a.m. en la Sala de audiencias N\u00b0 03 del m\u00f3dulo penal ubicado en la calle Chiclayo N\u00b0 243.<\/p>\n<p>Los ex dirigentes de Espinar, Oscar Mollohuanca, Sergio Huaman\u00ed y Herbert Huam\u00e1n, est\u00e1n siendo procesados por los delitos de atentado contra la seguridad p\u00fablica, disturbios y otros, por haber participado en la protesta social del a\u00f1o 2012, exigiendo respeto al medio ambiente a la empresa minera Glencore Xstrata y al Gobierno Nacional.<\/p>\n<p>El 17 de julio del 2017, el Juez del primer juzgado unipersonal de Ica, absolvi\u00f3 a <strong>Oscar Mollohuanca, ex alcalde de Espinar, as\u00ed como a Herber Huam\u00e1n y Sergio Huaman\u00ed presidente y vicepresidente del Frente de Defensa de Espinar (FUDIE) <\/strong>y <strong>los declar\u00f3<\/strong> <strong>inocentes<\/strong>, la Fiscal\u00eda hab\u00eda solicitado 20 a\u00f1os de prisi\u00f3n efectiva, y una reparaci\u00f3n civil de 100 mil soles. La Procuradur\u00eda P\u00fablica Especializada en Delitos Contra el Orden P\u00fablico del Ministerio del Interior y a el Fiscal de la Primera Fiscal\u00eda Provincial Penal Corporativa de Ica apel\u00f3 esta sentencia.<\/p>\n<p>Hace un a\u00f1o, la Primera Sala de Apelaciones y Flagrancia de Ica, conformado por los magistrados Osmar Albujar De La Roca, Jos\u00e9 Javier Magallanes Sebasti\u00e1n y el Juez Rafael Fernando Salazar Pe\u00f1aloza, <strong>decidieron declarar nula la sentencia que absuelve a dichos dirigentes cusque\u00f1os y ordenaron un nuevo juicio, los argumentos de los jueces fueron que la sentencia de primera instancia no ten\u00eda el debido sustento, sin embargo, el Juez en primera si hizo una correcta fundamentaci\u00f3n.<\/strong><\/p>\n<p>Desde las organizaciones de derechos humanos se ha indicado que este proceso judicial seguido a los tres l\u00edderes fue injusto desde el principio, ya que no se respetaron principios constitucionales como ser juzgados en su lugar de origen y no en la regi\u00f3n de Ica, no se puede denunciar a dirigentes por ejercer de manera leg\u00edtima su derecho a la protesta social. <strong>Este proceso se ha convertido en un ejemplo simb\u00f3lico de como el Estado Peruano ha mantenido su pol\u00edtica de criminalizaci\u00f3n de la protesta social.<\/strong><\/p>","protected":false},"excerpt":{"rendered":"<p>Ica: Este martes 28 de mayo reinicia el juicio oral contra el ex alcalde de la provincia cusque\u00f1a de Espinar, Oscar Mollohuanca y los ex dirigentes sociales Herbert Huam\u00e1n y Sergio Huaman\u00ed, ellos vienen afrontando un largo proceso penal por participar en la movilizaci\u00f3n social de mayo del 2012. El 2\u00b0 Juzgado Penal Unipersonal de [&hellip;]<\/p>\n","protected":false},"author":1,"featured_media":4373,"comment_status":"open","ping_status":"open","sticky":false,"template":"","format":"standard","meta":{"_monsterinsights_skip_tracking":false,"_monsterinsights_sitenote_active":false,"_monsterinsights_sitenote_note":"","_monsterinsights_sitenote_category":0,"_jetpack_memberships_contains_paid_content":false,"footnotes":"","jetpack_publicize_message":"","jetpack_publicize_feature_enabled":true,"jetpack_social_post_already_shared":false,"jetpack_social_options":{"image_generator_settings":{"template":"highway","default_image_id":0,"font":"","enabled":false},"version":2}},"categories":[1],"tags":[],"class_list":["post-4372","post","type-post","status-publish","format-standard","has-post-thumbnail","hentry","category-sin-categoria"],"blocksy_meta":[],"jetpack_publicize_connections":[],"jetpack_featured_media_url":"https:\/\/derechosinfronteras.pe\/wp-content\/uploads\/2019\/05\/Caso-Espinar-05.jpg","jetpack_sharing_enabled":true,"jetpack_likes_enabled":true,"_links":{"self":[{"href":"https:\/\/derechosinfronteras.pe\/ingles\/wp-json\/wp\/v2\/posts\/4372","targetHints":{"allow":["GET"]}}],"collection":[{"href":"https:\/\/derechosinfronteras.pe\/ingles\/wp-json\/wp\/v2\/posts"}],"about":[{"href":"https:\/\/derechosinfronteras.pe\/ingles\/wp-json\/wp\/v2\/types\/post"}],"author":[{"embeddable":true,"href":"https:\/\/derechosinfronteras.pe\/ingles\/wp-json\/wp\/v2\/users\/1"}],"replies":[{"embeddable":true,"href":"https:\/\/derechosinfronteras.pe\/ingles\/wp-json\/wp\/v2\/comments?post=4372"}],"version-history":[{"count":0,"href":"https:\/\/derechosinfronteras.pe\/ingles\/wp-json\/wp\/v2\/posts\/4372\/revisions"}],"wp:featuredmedia":[{"embeddable":true,"href":"https:\/\/derechosinfronteras.pe\/ingles\/wp-json\/wp\/v2\/media\/4373"}],"wp:attachment":[{"href":"https:\/\/derechosinfronteras.pe\/ingles\/wp-json\/wp\/v2\/media?parent=4372"}],"wp:term":[{"taxonomy":"category","embeddable":true,"href":"https:\/\/derechosinfronteras.pe\/ingles\/wp-json\/wp\/v2\/categories?post=4372"},{"taxonomy":"post_tag","embeddable":true,"href":"https:\/\/derechosinfronteras.pe\/ingles\/wp-json\/wp\/v2\/tags?post=4372"}],"curies":[{"name":"wp","href":"https:\/\/api.w.org\/{rel}","templated":true}]}}