{"id":4374,"date":"2019-05-23T18:01:26","date_gmt":"2019-05-23T23:01:26","guid":{"rendered":"http:\/\/derechosinfronteras.pe\/?p=4815"},"modified":"2019-05-23T18:01:26","modified_gmt":"2019-05-23T23:01:26","slug":"dialogo-en-espinar-se-instalo-submesa-de-salud-y-medio-ambiente","status":"publish","type":"post","link":"https:\/\/derechosinfronteras.pe\/ingles\/dialogo-en-espinar-se-instalo-submesa-de-salud-y-medio-ambiente\/","title":{"rendered":"Di\u00e1logo en Espinar: Se instal\u00f3 submesa de salud y medio ambiente"},"content":{"rendered":"<p>23 de mayo. Hoy, al promediar las 10:00 a.m., en las instalaciones de la Municipalidad Provincial de Espinar, se instal\u00f3 oficialmente la Sub Mesa correspondiente al eje: <strong>Salud, ambiente, saneamiento y residuos s\u00f3lidos<\/strong>, en el marco del desarrollo de la \u2018Mesa de Di\u00e1logo para el desarrollo sostenible de la provincia de Espinar\u2019.<\/p>\n<p>En este espacio particip\u00f3 el Alcalde de Espinar, Lolo Arenas y su plana de regidores, adem\u00e1s estuvieron autoridades de diferentes distritos. Como representantes del Ejecutivo estuvieron presentes Jos\u00e9 Kobashikawa, Director Ejecutivo del Ministerio de Vivienda; Jos\u00e9 Cuca, Director General de la Oficina General de Asuntos Socio Ambientales del Ministerio de Ambiente; Aldo Persivale del Ministerio de Salud; Luis Reyes y Miguel Plutarco, representantes del OEFA y Tatiuska Tello, especialista de la Secretar\u00eda de Descentralizaci\u00f3n de la PCM.<\/p>\n<p>La agenda se desarroll\u00f3 informando la situaci\u00f3n del proyecto<strong> \u2018Mejoramiento y Construcci\u00f3n de la carretera Yauri &#8211; Suykutambo\u2019<\/strong>, en el cual el representante del MINAM anunci\u00f3 que se encuentra en evaluaci\u00f3n t\u00e9cnica por parte del SENACE, y se comprometi\u00f3 a darle seguimiento.<\/p>\n<p>Respecto a la situaci\u00f3n de Saneamiento, los funcionarios municipales se comprometieron a emitir un informe sobre las inconsistencias t\u00e9cnica del proyecto de sistema de abastecimiento de agua potable, a cargo de la empresa CONHYDRA, a m\u00e1s tardar el 24 de mayo.<\/p>\n<p>Sobre al tema de Salud y Ambiente, se asegur\u00f3 que la construcci\u00f3n del nuevo hospital empezar\u00eda en setiembre del presente a\u00f1o. La Municipalidad solicita implementar un laboratorio para el an\u00e1lisis de metales t\u00f3xicos en la provincia, adem\u00e1s el alcalde exhorta a que la Ministra de Salud se presente en la siguiente reuni\u00f3n y exige que la DIRESA realice monitoreos permanentes.<\/p>\n<p>Por otro lado, un pedido que nadie esperaba, el Alcalde de Suykutambo <strong>solicit\u00f3 que funcionarios del Ministerio de Energ\u00eda y Minas y del OEFA informen sobre los pasivos ambientales producidos por la unidad minera Brexia Gold Plata.<\/strong><\/p>\n<p>Finalmente, se decide crear un sub grupo de trabajo de residuos s\u00f3lidos el pr\u00f3ximo 26 de junio con participaci\u00f3n de autoridades de Espinar y funcionarios del Ministerio de Ambiente. <strong>La pr\u00f3xima reuni\u00f3n se realizar\u00e1 el 04 de julio.<\/strong><\/p>\n<p>&nbsp;<\/p>","protected":false},"excerpt":{"rendered":"<p>23 de mayo. Hoy, al promediar las 10:00 a.m., en las instalaciones de la Municipalidad Provincial de Espinar, se instal\u00f3 oficialmente la Sub Mesa correspondiente al eje: Salud, ambiente, saneamiento y residuos s\u00f3lidos, en el marco del desarrollo de la \u2018Mesa de Di\u00e1logo para el desarrollo sostenible de la provincia de Espinar\u2019. En este espacio [&hellip;]<\/p>\n","protected":false},"author":1,"featured_media":4375,"comment_status":"open","ping_status":"open","sticky":false,"template":"","format":"standard","meta":{"_monsterinsights_skip_tracking":false,"_monsterinsights_sitenote_active":false,"_monsterinsights_sitenote_note":"","_monsterinsights_sitenote_category":0,"_jetpack_memberships_contains_paid_content":false,"footnotes":"","jetpack_publicize_message":"","jetpack_publicize_feature_enabled":true,"jetpack_social_post_already_shared":false,"jetpack_social_options":{"image_generator_settings":{"template":"highway","default_image_id":0,"font":"","enabled":false},"version":2}},"categories":[1],"tags":[],"class_list":["post-4374","post","type-post","status-publish","format-standard","has-post-thumbnail","hentry","category-sin-categoria"],"blocksy_meta":[],"jetpack_publicize_connections":[],"jetpack_featured_media_url":"https:\/\/derechosinfronteras.pe\/wp-content\/uploads\/2019\/05\/SaludMesa.jpg","jetpack_sharing_enabled":true,"jetpack_likes_enabled":true,"_links":{"self":[{"href":"https:\/\/derechosinfronteras.pe\/ingles\/wp-json\/wp\/v2\/posts\/4374","targetHints":{"allow":["GET"]}}],"collection":[{"href":"https:\/\/derechosinfronteras.pe\/ingles\/wp-json\/wp\/v2\/posts"}],"about":[{"href":"https:\/\/derechosinfronteras.pe\/ingles\/wp-json\/wp\/v2\/types\/post"}],"author":[{"embeddable":true,"href":"https:\/\/derechosinfronteras.pe\/ingles\/wp-json\/wp\/v2\/users\/1"}],"replies":[{"embeddable":true,"href":"https:\/\/derechosinfronteras.pe\/ingles\/wp-json\/wp\/v2\/comments?post=4374"}],"version-history":[{"count":0,"href":"https:\/\/derechosinfronteras.pe\/ingles\/wp-json\/wp\/v2\/posts\/4374\/revisions"}],"wp:featuredmedia":[{"embeddable":true,"href":"https:\/\/derechosinfronteras.pe\/ingles\/wp-json\/wp\/v2\/media\/4375"}],"wp:attachment":[{"href":"https:\/\/derechosinfronteras.pe\/ingles\/wp-json\/wp\/v2\/media?parent=4374"}],"wp:term":[{"taxonomy":"category","embeddable":true,"href":"https:\/\/derechosinfronteras.pe\/ingles\/wp-json\/wp\/v2\/categories?post=4374"},{"taxonomy":"post_tag","embeddable":true,"href":"https:\/\/derechosinfronteras.pe\/ingles\/wp-json\/wp\/v2\/tags?post=4374"}],"curies":[{"name":"wp","href":"https:\/\/api.w.org\/{rel}","templated":true}]}}