{"id":4378,"date":"2019-05-21T16:34:15","date_gmt":"2019-05-21T21:34:15","guid":{"rendered":"http:\/\/derechosinfronteras.pe\/?p=4781"},"modified":"2023-12-28T20:53:31","modified_gmt":"2023-12-29T01:53:31","slug":"tantas-veces-espinar-un-21-de-mayo-para-recordar","status":"publish","type":"post","link":"https:\/\/derechosinfronteras.pe\/ingles\/tantas-veces-espinar-un-21-de-mayo-para-recordar\/","title":{"rendered":"Tantas veces Espinar; un 21 de mayo para recordar"},"content":{"rendered":"<blockquote class=\"wp-block-quote is-layout-flow wp-block-quote-is-layout-flow\">\n<p class=\"has-text-align-right\"><strong>Por: Jaime Borda &#8211; Director DHSF<\/strong><\/p>\n<\/blockquote>\n\n\n\n<p>Han pasado casi 30 a\u00f1os de aquel 21 de mayo de 1990, a\u00f1o en el que las comunidades y la poblaci\u00f3n de Espinar decidieron movilizarse y bloquear el ingreso al campamento minero, en ese entonces la empresa estatal EMATINSA Tintaya, de esta forma los pobladores locales lograron algunos acuerdos beneficiosos para su distrito, entre ellos, por ejemplo energ\u00eda el\u00e9ctrica por la ciudad de Espinar, esta forma de movilizaci\u00f3n ha generado ciertamente lecciones para el movimiento social local, es decir que la movilizaci\u00f3n y la acci\u00f3n colectiva si traen resultados.<\/p>\n\n\n\n<p>Desde entonces, cada 21 de mayo se conmemora en Espinar el <strong>\u201cD\u00eda de la Dignidad Espinarense\u201d<\/strong> como recuerdo de su lucha y su reivindicaci\u00f3n frente a la actividad minera en Espinar, estas acciones movilizadoras ciertamente se han dado en diferentes momentos de la historia de Espinar, el a\u00f1o 2001 fue otro hito importante, en aquella ocasi\u00f3n una de las principales demandas era la firma de un Convenio Marco entre Espinar y la empresa Angloaustraliana minera BHP Billiton, due\u00f1a en ese momento del proyecto Tintaya. Finalmente, el a\u00f1o 2003 se firm\u00f3 un convenio marco entre la provincia de Espinar y la empresa minera, en su momento la firma de este convenio se constituy\u00f3 como una de las experiencias m\u00e1s adelantadas de aporte minero directo para el desarrollo de una provincia.<\/p>\n\n\n\n<p>Si bien la firma de un Convenio Marco fue considerada como un avance en la forma de relacionamiento de una empresa minera multinacional con las comunidades locales, pasado el tiempo tampoco fue la panacea, los problemas ambientales, del agua y la afectaci\u00f3n a la salud se agudizaron en la zona de influencia minera, y por tanto el reclamo de las comunidades afectadas aceler\u00f3 el cuestionamiento al Convenio Marco y sobre todo a la ausencia del Estado en todos sus niveles. El descontento generalizado de la poblaci\u00f3n local gener\u00f3 el inicio de un nuevo conflicto el 21 de mayo del 2012, esta vez la agenda estaba centrada en la atenci\u00f3n del Estado a las comunidades que por muchos a\u00f1os hab\u00edan sido ignorados por las pol\u00edticas gubernamentales de los gobiernos de turno, y claro la dependencia clientelar y sistem\u00e1tica en ese momento lo manejaba la empresa minera.<\/p>\n\n\n\n<p>Han pasado aproximadamente 7 a\u00f1os desde el 2012, las heridas de esa fecha todav\u00eda no sanan en Espinar, en el conflicto murieron 3 personas, se declar\u00f3 en estado de emergencia la provincia, se detuvo a los principales lideres y dirigentes, incluido su propio alcalde, y se persigue judicialmente hasta el d\u00eda de hoy a la mayor\u00eda de estas personas. Luego de la mesa de di\u00e1logo que culmino el 2013, es probable que hoy tengamos m\u00e1s atenci\u00f3n en el tema del monitoreo ambiental, y que se haya dotado de m\u00e1s recursos econ\u00f3micos en algunos sectores, pero los problemas de fondo en la provincia minera de Espinar siguen ah\u00ed, la contaminaci\u00f3n del agua se mantiene, no se ha garantizado agua de consumo humano para las comunidades del entorno minero, existen personas afectadas con metales pesados, el sector agropecuario no ha sido atendido, la reformulaci\u00f3n del Convenio Marco esta suspendido, y las promesas de proyectos de desarrollo tampoco se han implementado.<\/p>\n\n\n\n<p>Es probable que hoy no haya mucho que celebrar en Espinar, pero sus dirigentes hist\u00f3ricos y sus autoridades locales reunidos en la plaza de armas de Yauri \u2013 Espinar se han reafirmado en la memoria y la unidad para recordar aquel 21 de mayo, un d\u00eda en el que afirman se ganaron respeto y dignidad como pueblo Espinarense K&#8217;ana.<\/p>\n\n\n\n\n\n<p><strong>DATO:<\/strong> Actualmente se ha retomado un proceso de di\u00e1logo entre el gobierno central y la provincia de Espinar, sin embargo, la empresa minera no participa en ninguno de estos espacios.<\/p>","protected":false},"excerpt":{"rendered":"<p>Por: Jaime Borda &#8211; Director DHSF Han pasado casi 30 a\u00f1os de aquel 21 de mayo de 1990, a\u00f1o en el que las comunidades y la poblaci\u00f3n de Espinar decidieron movilizarse y bloquear el ingreso al campamento minero, en ese entonces la empresa estatal EMATINSA Tintaya, de esta forma los pobladores locales lograron algunos acuerdos [&hellip;]<\/p>\n","protected":false},"author":1,"featured_media":4379,"comment_status":"open","ping_status":"open","sticky":false,"template":"","format":"standard","meta":{"_monsterinsights_skip_tracking":false,"_monsterinsights_sitenote_active":false,"_monsterinsights_sitenote_note":"","_monsterinsights_sitenote_category":0,"_jetpack_memberships_contains_paid_content":false,"footnotes":"","jetpack_publicize_message":"","jetpack_publicize_feature_enabled":true,"jetpack_social_post_already_shared":false,"jetpack_social_options":{"image_generator_settings":{"template":"highway","default_image_id":0,"font":"","enabled":false},"version":2}},"categories":[1],"tags":[],"class_list":["post-4378","post","type-post","status-publish","format-standard","has-post-thumbnail","hentry","category-sin-categoria"],"blocksy_meta":[],"jetpack_publicize_connections":[],"jetpack_featured_media_url":"https:\/\/derechosinfronteras.pe\/wp-content\/uploads\/2019\/05\/Dignidad-Espinarense.jpg","jetpack_sharing_enabled":true,"jetpack_likes_enabled":true,"_links":{"self":[{"href":"https:\/\/derechosinfronteras.pe\/ingles\/wp-json\/wp\/v2\/posts\/4378","targetHints":{"allow":["GET"]}}],"collection":[{"href":"https:\/\/derechosinfronteras.pe\/ingles\/wp-json\/wp\/v2\/posts"}],"about":[{"href":"https:\/\/derechosinfronteras.pe\/ingles\/wp-json\/wp\/v2\/types\/post"}],"author":[{"embeddable":true,"href":"https:\/\/derechosinfronteras.pe\/ingles\/wp-json\/wp\/v2\/users\/1"}],"replies":[{"embeddable":true,"href":"https:\/\/derechosinfronteras.pe\/ingles\/wp-json\/wp\/v2\/comments?post=4378"}],"version-history":[{"count":3,"href":"https:\/\/derechosinfronteras.pe\/ingles\/wp-json\/wp\/v2\/posts\/4378\/revisions"}],"predecessor-version":[{"id":7088,"href":"https:\/\/derechosinfronteras.pe\/ingles\/wp-json\/wp\/v2\/posts\/4378\/revisions\/7088"}],"wp:featuredmedia":[{"embeddable":true,"href":"https:\/\/derechosinfronteras.pe\/ingles\/wp-json\/wp\/v2\/media\/4379"}],"wp:attachment":[{"href":"https:\/\/derechosinfronteras.pe\/ingles\/wp-json\/wp\/v2\/media?parent=4378"}],"wp:term":[{"taxonomy":"category","embeddable":true,"href":"https:\/\/derechosinfronteras.pe\/ingles\/wp-json\/wp\/v2\/categories?post=4378"},{"taxonomy":"post_tag","embeddable":true,"href":"https:\/\/derechosinfronteras.pe\/ingles\/wp-json\/wp\/v2\/tags?post=4378"}],"curies":[{"name":"wp","href":"https:\/\/api.w.org\/{rel}","templated":true}]}}