{"id":4380,"date":"2019-05-21T13:10:22","date_gmt":"2019-05-21T18:10:22","guid":{"rendered":"http:\/\/derechosinfronteras.pe\/?p=4754"},"modified":"2023-12-28T20:53:44","modified_gmt":"2023-12-29T01:53:44","slug":"la-lucha-de-las-mujeres-sobrevivientes-de-esterilizaciones-forzadas","status":"publish","type":"post","link":"https:\/\/derechosinfronteras.pe\/ingles\/la-lucha-de-las-mujeres-sobrevivientes-de-esterilizaciones-forzadas\/","title":{"rendered":"La lucha de las mujeres sobrevivientes de esterilizaciones forzadas"},"content":{"rendered":"<div style=\"text-align: right;\">\u00a0Por Maricielo\u00a0V<span class=\"l7\">aldivia &#8211; Coordinadora Naci<span class=\"l6\">onal de Derechos Humanos &#8211; CNDDHH<\/span><\/span><\/div>\n<div><\/div>\n<blockquote>\n<div class=\"ff0\"><span class=\"a\">\u201cYo ten\u00eda 24 a\u00f1os, ten\u00eda 04 hijos cuan-<\/span><span class=\"a\">do me esterilizaron sin mi consenti-<\/span><span class=\"a\">miento. A mis compa\u00f1eras les\u00a0hicieron<\/span><span class=\"a\">lo mismo, por eso viajaron hasta Lima,<\/span><span class=\"a\">12 personas denunciaron pero hasta<\/span><span class=\"a\">ahora no hay respuesta, para nosotras<\/span><span class=\"a\">no hay justicia (\u2026)\u201d\u00b9<\/span><\/div>\n<\/blockquote>\n<div>\n<div>\n<div class=\"ff2\" style=\"text-align: left;\"><span class=\"a\">Durante el 1<span class=\"l10\">8, 19 y 20 de febrero se realiz\u00f3 en Lima,\u00a0<\/span><\/span><span class=\"a\">el\u00a0<\/span><span class=\"a\">III Encuentro Nacional de Mujeres Afectadas\u00a0<\/span><span class=\"a\">por Esterilizaciones Forzadas.\u00a0<\/span><span class=\"a\">Este espacio de\u00a0<\/span><span class=\"a\">encuentro reuni\u00f3 a 35 mujeres de distintas regio<\/span><span class=\"a\">nes del pa\u00eds como\u00a0<\/span><strong><span class=\"a\">Ayacucho, Cajamarca, Cusco,\u00a0<\/span><span class=\"a\">Huancavelica, Hu\u00e1nuco, Jun\u00edn, Loreto, San Mart\u00edn<\/span><\/strong><span class=\"a\"><strong>y Ucayali.<\/strong><\/span><\/div>\n<div style=\"text-align: left;\"><\/div>\n<div class=\"ff0\" style=\"text-align: left;\"><span class=\"a\">Durante el primer d\u00eda se realizaron distintos talle<\/span><span class=\"a\">res, en los cuales, la participaci\u00f3n de cada una era\u00a0<\/span><span class=\"a\">fundamental.<\/span><span class=\"a\">As\u00ed pues, se reconoci\u00f3 a cada una\u00a0<\/span><span class=\"a\">de ellas como mujeres luchadoras en b\u00fasqueda de\u00a0<\/span><span class=\"a\">verdad, justicia y reparaci\u00f3n. Son miles de muje<\/span><span class=\"a\">res afectadas y v\u00edctimas de una pol\u00edtica p\u00fablica del\u00a0<\/span><span class=\"a\">gobierno de Alberto Fujimori, que durante la d\u00e9<\/span><span class=\"a\">cada del 90 cometi\u00f3 un crimen de lesa humanidad\u00a0<\/span><span class=\"a\">mediante la esterilizaci\u00f3n masiva, desinformada y\u00a0<\/span><span class=\"a\">forzada en zonas rurales de nuestro pa\u00eds.\u00a0 \u00a0 \u00a0 \u00a0 \u00a0 \u00a0 \u00a0 \u00a0 \u00a0 \u00a0 \u00a0 \u00a0 \u00a0 \u00a0 \u00a0 \u00a0 \u00a0 \u00a0 \u00a0 \u00a0 \u00a0 \u00a0 \u00a0 \u00a0 \u00a0 \u00a0 \u00a0 \u00a0 \u00a0 \u00a0 \u00a0 \u00a0 \u00a0 \u00a0 \u00a0 \u00a0 \u00a0 \u00a0 \u00a0 \u00a0 \u00a0 \u00a0 \u00a0 \u00a0 \u00a0 \u00a0 \u00a0 \u00a0 \u00a0 \u00a0 \u00a0 \u00a0 \u00a0 \u00a0 \u00a0 \u00a0 \u00a0 \u00a0 \u00a0 \u00a0 \u00a0 \u00a0 \u00a0 \u00a0 \u00a0 \u00a0 \u00a0 \u00a0 \u00a0 \u00a0 \u00a0 \u00a0 <\/span><\/div>\n<div><\/div>\n<div class=\"ff0\" style=\"text-align: left;\"><span class=\"a\">\u00a0 \u00a0 \u00a0 \u00a0 \u00a0 \u00a0 \u00a0 \u00a0 \u00a0 \u00a0 \u00a0 \u00a0 \u00a0 \u00a0 \u00a0 \u00a0 \u00a0 \u00a0 \u00a0 \u00a0 \u00a0 \u00a0 \u00a0 \u00a0 \u00a0 \u00a0 \u00a0 \u00a0 \u00a0 \u00a0 \u00a0 \u00a0 \u00a0 \u00a0 \u00a0 \u00a0 \u00a0 \u00a0 \u00a0 \u00a0 \u00a0 \u00a0 \u00a0 \u00a0 \u00a0 \u00a0 \u00a0<\/span><\/div>\n<div class=\"ff0\" style=\"text-align: left;\"><span class=\"a\">D<\/span><span class=\"a\">urante el encuentro, los representantes del I<\/span><span class=\"a\">DL\u00a0<\/span><span class=\"a\">y DEMUS<\/span><span class=\"a\">, Carlos Rivera y Mar\u00eda Ysabel Cedano,<\/span><span class=\"a\">comentaron cu\u00e1l\u00a0<span class=\"l6\">era la situaci\u00f3n de los procesos ju<\/span><\/span><span class=\"a\">diciales y los riesgos que existen en torno a estos.<\/span><span class=\"a\">Tambi\u00e9n se realiz\u00f3 un taller con todas las partici<\/span><span class=\"a\">pantes en torno a la lucha hist\u00f3rica de cada una de\u00a0<\/span><span class=\"a\">ellas, y todo el proceso emocional y personal que\u00a0<\/span><span class=\"a\">ha significado en sus vidas y en sus seres queridos.\u00a0<\/span><span class=\"a\">Una de las participantes, quien viaj\u00f3 durante m\u00e1s de\u00a0<\/span><span class=\"a\">un d\u00eda para participar de este encuen<span class=\"l6\">tro, realiz\u00f3 una\u00a0<\/span><\/span><span class=\"a\">cruda afirmaci\u00f3n:\u00a0<\/span><strong><span class=\"a\">\u201cHan pasado m\u00e1s de 20 a\u00f1os y\u00a0<\/span><span class=\"a\">el Estado nos\u00a0sigue maltratando\u201d<\/span><span class=\"a\">.<\/span><\/strong><\/div>\n<div><\/div>\n<div class=\"ff0\"><span class=\"a\">Las participantes expusieron sus de<span class=\"l6\">mandas en tor<\/span><\/span><span class=\"a\">no a lo que se viene trabajando en el tema. Ma<\/span><span class=\"a\">nifestaron que hasta el momento no han recibido\u00a0<\/span><span class=\"a\">reparaci\u00f3n alguna por parte del Estado. A la par,<\/span><span class=\"a\">mencionaron que la inscripci\u00f3n en el <strong>REVIESFO\u00a0<\/strong><\/span><strong><span class=\"a\">(Registro de V\u00ed<span class=\"l6\">ctimas de Esterilizaciones Forzadas)\u00a0<\/span><\/span><\/strong><span class=\"a\">viene realiz\u00e1ndose lentamente, y que lo m\u00e1<span class=\"l6\">s impor<\/span><\/span><span class=\"a\">tante para ellas es el tema de la\u00a0<span class=\"l6\">salud. Es prioritario\u00a0<\/span><\/span><span class=\"a\">que puedan inscribirse en el SIS para que puedan\u00a0<\/span><span class=\"a\">ser atendidas.\u00a0<\/span><span class=\"a\">El espacio les permiti\u00f3 participar en una simb\u00f3lica\u00a0<\/span><span class=\"a\">mesa de\u00a0di\u00e1log<span class=\"l7\">o con representantes del Estado.\u00a0<\/span><\/span><\/div>\n<div><\/div>\n<div class=\"ff0\"><span class=\"a\"><span class=\"l7\">\u00a0 \u00a0 \u00a0 \u00a0 \u00a0 \u00a0 \u00a0 \u00a0 \u00a0 \u00a0 \u00a0 \u00a0 \u00a0 \u00a0 \u00a0 \u00a0 \u00a0 \u00a0 \u00a0 \u00a0 \u00a0 \u00a0 \u00a0 \u00a0 \u00a0 \u00a0 \u00a0 \u00a0 \u00a0 \u00a0 \u00a0 \u00a0 \u00a0 \u00a0 \u00a0 \u00a0 \u00a0 \u00a0 \u00a0 \u00a0 \u00a0 \u00a0 \u00a0 \u00a0 \u00a0 \u00a0 \u00a0 \u00a0 \u00a0 \u00a0 \u00a0 \u00a0 \u00a0 \u00a0 \u00a0 \u00a0 \u00a0 \u00a0 \u00a0 \u00a0 \u00a0 \u00a0 \u00a0 \u00a0 \u00a0 \u00a0 \u00a0 \u00a0 \u00a0 \u00a0 \u00a0 \u00a0 \u00a0 \u00a0 \u00a0 \u00a0 \u00a0 \u00a0 \u00a0 \u00a0 \u00a0 \u00a0 \u00a0 \u00a0 \u00a0 \u00a0 \u00a0 \u00a0 \u00a0 \u00a0 \u00a0 \u00a0 \u00a0 \u00a0 \u00a0 \u00a0 \u00a0 \u00a0 \u00a0 <\/span><\/span><\/div>\n<div class=\"ff0\"><span class=\"a\"><span class=\"l7\">El\u00a0<\/span><\/span><span class=\"a\">panel estuvo compuesto por\u00a0<\/span><span class=\"a\">Pedro Gr\u00e1ndez,\u00a0Direc<\/span><span class=\"a\">tor General de Derechos Humanos; C\u00e9sar C\u00e1rde<\/span><span class=\"a\">nas, Director Gener<span class=\"l6\">al de\u00a0Defensa P\u00fablica;\u00a0y Edgar<\/span><\/span><span class=\"a\">do Rodr\u00edguez,\u00a0en repr<span class=\"l7\">esentaci\u00f3n del Ministerio de\u00a0<\/span><\/span><span class=\"a\">Justicia y Derechos Humanos<\/span><span class=\"a\">; as\u00ed tambi\u00e9n<span class=\"l6\">, estuvo\u00a0<\/span><\/span><span class=\"a\">presente Lucy del Carpio, representante del Minis<\/span><span class=\"a\">terio de Salud. Durante el desarrollo de esta mesa,<\/span><span class=\"a\">los representantes del Estado se\u00f1alaron los avances\u00a0<\/span><span class=\"a\">que vienen realizando en torno al REVIESFO, las\u00a0<\/span><span class=\"a\">inscripciones itinerantes y las acciones emprendi<\/span><span class=\"a\">das para la atenci\u00f3n a las personas que fueron v\u00edc<\/span><span class=\"a\">timas de esterilizaciones forzadas.<\/span><\/div>\n<div><\/div>\n<div class=\"ff0\"><span class=\"a\">Las mujeres expresaron sus demandas a los re<\/span><span class=\"a\">presentantes del Estado, al Ministerio de Justicia\u00a0<\/span><span class=\"a\">y Derechos Humanos, las principales exigencias\u00a0<\/span><span class=\"a\">fueron: entrega trimestral al SIS de la lista de las\u00a0<\/span><span class=\"a\">v\u00edctimas inscritas en el REVIESFO par<span class=\"l6\">a que puedan\u00a0<\/span><\/span><span class=\"a\">ser atendidas adecuadamente;\u00a0la\u00a0<span class=\"l8\">continuaci\u00f3n\u00a0<span class=\"l7\">de l<span class=\"l6\">a\u00a0<\/span><\/span><\/span><\/span><span class=\"a\">mesa de trabajo instalada en septiembre de 2018,<\/span><span class=\"a\">la cual hasta la fecha no tiene fecha de una pr\u00f3xi<\/span><span class=\"a\">ma reuni\u00f3n; atenci\u00f3n a las v\u00edctimas por parte de\u00a0<\/span><span class=\"a\">abogadas\/os de Defensoria P\u00fablica, as\u00ed como la\u00a0<\/span><span class=\"a\">contrataci\u00f3n de abogadas\/os quechuahablantes\u00a0<\/span><span class=\"a\">para que puedan apoyar a la v\u00edctimas a procesar\u00a0<\/span><span class=\"a\">sus denuncias.<\/span><\/div>\n<div><\/div>\n<div>\n Articuladas. Mujeres V\u00edctimas de esterilizaciones forzadas de todo el Per\u00fa en un solo espacio. Foto: Luis Enrique Becerra\n<\/div>\n<div class=\"ff2\"><span class=\"a\">Mientras que al Ministerio de Salud demandaron la\u00a0<\/span><span class=\"a\">atenci\u00f3n m\u00e9dica a trav\u00e9s de SIS especializada para\u00a0<\/span><span class=\"a\">las mujeres v\u00edctimas de esterilizaciones forzadas,\u00a0<\/span><span class=\"a\">as\u00ed como la elaboraci\u00f3n y difusi\u00f3n de un cronogra<\/span><span class=\"a\">ma de atenci\u00f3n de las mujeres en cada una de las\u00a0<\/span><span class=\"a\">comunidades en donde viven; ingreso directo al\u00a0<\/span><span class=\"a\">SIS por estar reconocidas al REVIESFO sin tener\u00a0<\/span><span class=\"a\">que pasar por el SISFOH; y\u00a0<span class=\"l6\">que el SIS cubra tambi\u00e9n\u00a0<\/span><\/span><span class=\"a\">las necesidades m\u00e9dicas de sus familiares.<\/span><\/div>\n<div><\/div>\n<div class=\"ff2\"><span class=\"a\">Finalmente, el 20 de febrero se realizaron dos reu<\/span><span class=\"a\">niones: una c<span class=\"l6\">on miembros del Ministerio de Justi<\/span><\/span><span class=\"a\">cia y Derechos Humanos y otra con los del Minist<\/span><span class=\"a\">erio de Desarrollo e Inclusi\u00f3n Social. En\u00a0<span class=\"l8\">la primera\u00a0<\/span><\/span><span class=\"a\">reuni\u00f3n participaron el viceministro de\u00a0<\/span><span class=\"a\">Derechos\u00a0<\/span><span class=\"a\">Humanos y Acceso a la Justicia, Daniel S\u00e1nchez;\u00a0<\/span><span class=\"a\">el Director General de Derechos Humanos, Pedro\u00a0<\/span><span class=\"a\">Gr\u00e1ndez; Sandra Enr\u00edquez, representante de De<\/span><span class=\"a\">fensa P\u00fablica\u00a0<\/span><span class=\"a\">y, el representante del Ministerio de\u00a0<\/span><span class=\"a\">Justicia, Edgardo Rodr\u00edguez<\/span><span class=\"a\">.<\/span><\/div>\n<\/div>\n<div><\/div>\n<div><\/div>\n<\/div>\n<div><\/div>\n<div><\/div>\n<div>\n<div><\/div>\n<div class=\"ff2\">\n<p><span class=\"a\"> En esta reuni\u00f3n, los\u00a0<\/span><span class=\"a\">funcionarios expusieron el plan de acci\u00f3n frente al\u00a0<\/span><span class=\"a\">caso. De ah\u00ed que se expuso tres propuestas dentro\u00a0<\/span><span class=\"a\">del marco de la intervenci\u00f3n estrat\u00e9gica.<\/span><span class=\"a\">La primera consiste en la creaci\u00f3n de una comi<\/span><span class=\"a\">si\u00f3n multisectorial para la intervenci\u00f3n estrat\u00e9gica\u00a0<\/span><span class=\"a\">orientada a atender la problem\u00e1tica de las v\u00edctimas\u00a0<\/span><span class=\"a\">de esterilizaciones forzadas,\u00a0<\/span><span class=\"a\">la cual tiene como\u00a0<\/span><span class=\"a\">plazo m\u00e1ximo de 03 meses<\/span><span class=\"a\">.<\/span><\/p>\n<div><\/div>\n<div class=\"ff0\"><span class=\"a\"> La segunda propues<\/span><span class=\"a\">ta gira en torno al diagn\u00f3stico de la situaci\u00f3n de<\/span><span class=\"a\">las v\u00edctimas de esterilizaciones f<span class=\"l8\">orzadas, la cu<span class=\"l6\">al se\u00a0<\/span><\/span><\/span><span class=\"a\">debe realizar en 06 meses. Finalmente, se se\u00f1al\u00f3\u00a0<\/span><span class=\"a\">la elaboraci\u00f3n de mecanismo de pol\u00edtica de repa<\/span><span class=\"a\">raci\u00f3n.\u00a0<\/span><span class=\"a\">En torno a este \u00faltimo punto, las mujeres\u00a0<\/span><span class=\"a\">pidieron participar dentro de esta elaboraci\u00f3n de\u00a0<\/span><span class=\"a\">pol\u00edtica de\u00a0repar<span class=\"l10\">aci\u00f3n.\u00a0<\/span><\/span><\/div>\n<\/div>\n<\/div>\n<div><\/div>\n<div><\/div>\n<div><\/div>\n<div>\n<div class=\"ff2\">\n<div class=\"ff0\"><span class=\"a\">Por la tarde, se realiz\u00f3 la reuni\u00f3n con la entonces\u00a0<\/span><span class=\"a\">ministra de Desarrollo e Inclusi\u00f3n Social, Liliana\u00a0<\/span><span class=\"a\">La Rosa. A diferencia de la reuni\u00f3n con los repre<\/span><span class=\"a\">sentantes del Ministerio de Justicia y Derechos Hu<\/span><span class=\"a\">manos, el trato fue violento y revictimizador para\u00a0<\/span><span class=\"a\">las muje<span class=\"l6\">res. Las afirmaciones se\u00f1aladas por la mi<\/span><\/span><span class=\"a\">nistra La Rosa fueron terribles, pues seg\u00fan ella las\u00a0<\/span><span class=\"a\">esterilizaciones forzadas se reducen a una simple\u00a0<\/span><span class=\"a\">cicatriz, en esa l\u00ednea, afirm\u00f3 que una ces\u00e1rea es\u00a0<\/span><span class=\"a\">igual que una\u00a0<span class=\"l8\">esterilizaci\u00f3n forzada. Sumado a\u00a0<span class=\"l7\">ello,<\/span><\/span><\/span><span class=\"a\">afirm\u00f3 que las mujeres quienes fueron afectadas\u00a0<\/span><span class=\"a\">por esta terrible pol\u00edtica p\u00fablica cometida por el\u00a0<\/span><span class=\"a\">Estado no son v\u00edctimas.<\/span><\/div>\n<\/div>\n<div><\/div>\n<div>\n<figure id=\"attachment_4757\" aria-describedby=\"caption-attachment-4757\" style=\"width: 1024px\" class=\"wp-caption aligncenter\"><img fetchpriority=\"high\" decoding=\"async\" class=\"size-large wp-image-4757\" src=\"http:\/\/derechosinfronteras.pe\/wp-content\/uploads\/2019\/05\/DSC_5855-1024x683.jpg\" alt=\"\" width=\"1024\" height=\"683\" \/><figcaption id=\"caption-attachment-4757\" class=\"wp-caption-text\">A pesar de las adversidades, su capacidad de resiliencia es m\u00e1s fuerte. Foto: Luis Enrique Becerra<\/figcaption><\/figure>\n<p><span class=\"a\">Por otro lado, es importante se\u00f1alar q<span class=\"l6\">ue, semanas\u00a0<\/span><\/span><span class=\"a\">previas al desarrollo de este encuentro, desde e<\/span><span class=\"a\">l\u00a0<\/span><strong><span class=\"a\">Grupo de Seguimiento a la Reparaciones por Es<\/span><span class=\"a\">terilizaciones Forzadas \u2013 GREF<\/span><\/strong><span class=\"a\">, se envi\u00f3 una carta\u00a0<\/span><span class=\"a\">al presidente de la Rep\u00fablica, Mart\u00edn Vizcarra, con\u00a0<\/span><span class=\"a\">la finalidad de que las mujeres puedan reunirse con\u00a0<\/span><span class=\"a\">la m\u00e1xima autoridad en nuestro pa\u00eds. Sin embar<\/span><span class=\"a\">go, nunca fueron atendidas. La misma situaci\u00f3n se\u00a0<\/span><span class=\"a\">repiti\u00f3 con la Fiscal de la Naci\u00f3n, Zoraida \u00c1valos,<\/span><span class=\"a\">a quien tambi\u00e9n se le envi\u00f3 una carta, pero nunca\u00a0<\/span><span class=\"a\">atendi\u00f3 la solicitud.<\/span><span class=\"a\">Finalmente, el encuentro les ayud\u00f3 a consensuar\u00a0<\/span><span class=\"a\">demandas y exigencias que contribuyan a una pra<\/span><span class=\"a\">xis estatal de reparaci\u00f3n. Las mujeres exigen al\u00a0<\/span><span class=\"a\">Ministerio de Econom\u00eda y Finanzas que brinde el\u00a0<\/span><span class=\"a\">presupuesto adecuado a los ministerios involucra<\/span><span class=\"a\">dos en la implementaci\u00f3n del REVIESFO y\u00a0<span class=\"l7\">la futura\u00a0<\/span><\/span><span class=\"a\">pol\u00edtica p\u00fablica integral de reparaciones.\u00a0<\/span><span class=\"a\">A Presi<\/span><span class=\"a\">dencia de la Rep\u00fablica y Fiscal\u00eda de la Naci\u00f3n so<\/span><span class=\"a\">licitan que les brinden una audiencia en la que las\u00a0<\/span><span class=\"a\">mismas mujeres puedan presentar sus demandas.<\/span><span class=\"a\">Al Ministerio de Educaci\u00f3n se le\u00a0<span class=\"l7\">exige un programa\u00a0<\/span><\/span><span class=\"a\">de alfabetizaci\u00f3n\u00a0<span class=\"l6\">para las sobrevivientes.<\/span><\/span><\/p>\n<\/div>\n<div class=\"ff2\">\n<div><\/div>\n<div class=\"ff2\"><span class=\"a\">Adicionalmente, al Ministerio de la Mujer y Pobla<\/span><span class=\"a\">ciones Vulnerables se le demanda la contrataci\u00f3n\u00a0<\/span><span class=\"a\">y capacitaci\u00f3n de personal en los Centro de Emer<\/span><span class=\"a\">gencia Mujer (<span class=\"l10\">CE<span class=\"l6\">M) para la atenci\u00f3n de v\u00edctimas de\u00a0<\/span><\/span><\/span><span class=\"a\">esterilizaciones forzadas, as\u00ed como el abordaje de<\/span><span class=\"a\">las\u00a0circunstancias y\u00a0<span class=\"l8\">condici<span class=\"l6\">ones particulares.\u00a0<span class=\"l10\">Asi<\/span><\/span><\/span><\/span><span class=\"a\">mismo, al Ministerio de Desarrollo e Inclusi\u00f3<span class=\"l6\">n So<\/span><\/span><span class=\"a\">cial se le exige l<span class=\"l6\">a integraci\u00f3n\u00a0<span class=\"l7\">de v\u00edctimas de esterili<\/span><\/span><\/span><span class=\"a\">zaciones forzadas en programas sociales especiales\u00a0<\/span><span class=\"a\">para ellas, como parte de una pol\u00edtica p\u00fablica de\u00a0<\/span><span class=\"a\">reparaciones integrales. Por \u00faltimo, al Ministerio\u00a0<\/span><span class=\"a\">de Trabajo y Promoci\u00f3n del Empleo, se le pide im<\/span><span class=\"a\">plementaci\u00f3n de un programa de mujeres artesanas p<\/span><span class=\"a\">ara la identificaci\u00f3n de oportunidades de comer<\/span><span class=\"a\">cializaci\u00f3n de los productos elaborados por las mu<\/span><span class=\"a\">jeres inscritas en el REVIESFO.<\/span><\/div>\n<div class=\"ff3\"><\/div>\n<\/div>\n<\/div>","protected":false},"excerpt":{"rendered":"<p>\u00a0Por Maricielo\u00a0Valdivia &#8211; Coordinadora Nacional de Derechos Humanos &#8211; CNDDHH \u201cYo ten\u00eda 24 a\u00f1os, ten\u00eda 04 hijos cuan-do me esterilizaron sin mi consenti-miento. A mis compa\u00f1eras les\u00a0hicieronlo mismo, por eso viajaron hasta Lima,12 personas denunciaron pero hastaahora no hay respuesta, para nosotrasno hay justicia (\u2026)\u201d\u00b9 Durante el 18, 19 y 20 de febrero se realiz\u00f3 [&hellip;]<\/p>\n","protected":false},"author":1,"featured_media":4381,"comment_status":"open","ping_status":"open","sticky":false,"template":"","format":"standard","meta":{"_monsterinsights_skip_tracking":false,"_monsterinsights_sitenote_active":false,"_monsterinsights_sitenote_note":"","_monsterinsights_sitenote_category":0,"_jetpack_memberships_contains_paid_content":false,"footnotes":"","jetpack_publicize_message":"","jetpack_publicize_feature_enabled":true,"jetpack_social_post_already_shared":false,"jetpack_social_options":{"image_generator_settings":{"template":"highway","default_image_id":0,"font":"","enabled":false},"version":2}},"categories":[1],"tags":[],"class_list":["post-4380","post","type-post","status-publish","format-standard","has-post-thumbnail","hentry","category-sin-categoria"],"blocksy_meta":[],"jetpack_publicize_connections":[],"jetpack_featured_media_url":"https:\/\/derechosinfronteras.pe\/wp-content\/uploads\/2019\/05\/Mujeres-Esterilizadas.jpg","jetpack_sharing_enabled":true,"jetpack_likes_enabled":true,"_links":{"self":[{"href":"https:\/\/derechosinfronteras.pe\/ingles\/wp-json\/wp\/v2\/posts\/4380","targetHints":{"allow":["GET"]}}],"collection":[{"href":"https:\/\/derechosinfronteras.pe\/ingles\/wp-json\/wp\/v2\/posts"}],"about":[{"href":"https:\/\/derechosinfronteras.pe\/ingles\/wp-json\/wp\/v2\/types\/post"}],"author":[{"embeddable":true,"href":"https:\/\/derechosinfronteras.pe\/ingles\/wp-json\/wp\/v2\/users\/1"}],"replies":[{"embeddable":true,"href":"https:\/\/derechosinfronteras.pe\/ingles\/wp-json\/wp\/v2\/comments?post=4380"}],"version-history":[{"count":2,"href":"https:\/\/derechosinfronteras.pe\/ingles\/wp-json\/wp\/v2\/posts\/4380\/revisions"}],"predecessor-version":[{"id":7089,"href":"https:\/\/derechosinfronteras.pe\/ingles\/wp-json\/wp\/v2\/posts\/4380\/revisions\/7089"}],"wp:featuredmedia":[{"embeddable":true,"href":"https:\/\/derechosinfronteras.pe\/ingles\/wp-json\/wp\/v2\/media\/4381"}],"wp:attachment":[{"href":"https:\/\/derechosinfronteras.pe\/ingles\/wp-json\/wp\/v2\/media?parent=4380"}],"wp:term":[{"taxonomy":"category","embeddable":true,"href":"https:\/\/derechosinfronteras.pe\/ingles\/wp-json\/wp\/v2\/categories?post=4380"},{"taxonomy":"post_tag","embeddable":true,"href":"https:\/\/derechosinfronteras.pe\/ingles\/wp-json\/wp\/v2\/tags?post=4380"}],"curies":[{"name":"wp","href":"https:\/\/api.w.org\/{rel}","templated":true}]}}