{"id":4382,"date":"2019-05-21T11:44:10","date_gmt":"2019-05-21T16:44:10","guid":{"rendered":"http:\/\/derechosinfronteras.pe\/?p=4750"},"modified":"2019-05-21T11:44:10","modified_gmt":"2019-05-21T16:44:10","slug":"las-bambas-fuerabamba-retoma-bloqueo-de-acceso-a-vehiculos-de-la-empresa-minera","status":"publish","type":"post","link":"https:\/\/derechosinfronteras.pe\/ingles\/las-bambas-fuerabamba-retoma-bloqueo-de-acceso-a-vehiculos-de-la-empresa-minera\/","title":{"rendered":"Las Bambas: Fuerabamba retoma bloqueo de acceso a veh\u00edculos de la empresa minera"},"content":{"rendered":"<p>Despu\u00e9s de una extensa reuni\u00f3n entre representantes de la empresa minera\u00a0\u00a0MMG <strong>Las Bambas<\/strong>\u00a0realizada ayer en el sector de Yavi Yavi (Chumbivilcas, Cusco), las y los comuneros de\u00a0<strong>Fuerabamba\u00a0<\/strong>(Apur\u00edmac) anunciaron que el di\u00e1logo se ha roto nuevamente, por lo que acordaron no permitir que los veh\u00edculos de la empresa minera transiten por sus territorios desde hoy a la medianoche.<\/p>\n<p>Seg\u00fan ha informado RPP Noticias, Fuerabamba ha solicitado el pago de S\/ 150,000 por comunero, la retribuci\u00f3n econ\u00f3mica de 500 puestos de trabajo desde el a\u00f1o 2014, as\u00ed como una compensaci\u00f3n por el derecho de la v\u00eda, la cual ascender\u00eda a S\/ 20 millones. Sin embargo, los funcionarios de la empresa minera indicaron que los montos solicitados son inviables.<\/p>\n<p>En otro momento de la reuni\u00f3n, solicitaron que solo se reconozca el 50% de la mencionada pretensi\u00f3n econ\u00f3mica, pero los funcionarios volvieron a negar el pedido.<\/p>\n<p>Para hoy martes, al mediod\u00eda, se ha programado una reuni\u00f3n entre funcionarios de la Presidencia del Consejo de Ministros y de la empresa minera con los dirigentes de Fuerabamba. Previamente los comuneros estar\u00edan evaluando sus pedidos. Por otro lado, en lo que va del d\u00eda la empresa minera ha decidido postergar el traslado de minerales.<\/p>\n<p><em>\u00a0<\/em><\/p>\n<p>&nbsp;<\/p>","protected":false},"excerpt":{"rendered":"<p>Despu\u00e9s de una extensa reuni\u00f3n entre representantes de la empresa minera\u00a0\u00a0MMG Las Bambas\u00a0realizada ayer en el sector de Yavi Yavi (Chumbivilcas, Cusco), las y los comuneros de\u00a0Fuerabamba\u00a0(Apur\u00edmac) anunciaron que el di\u00e1logo se ha roto nuevamente, por lo que acordaron no permitir que los veh\u00edculos de la empresa minera transiten por sus territorios desde hoy a [&hellip;]<\/p>\n","protected":false},"author":1,"featured_media":4383,"comment_status":"open","ping_status":"open","sticky":false,"template":"","format":"standard","meta":{"_monsterinsights_skip_tracking":false,"_monsterinsights_sitenote_active":false,"_monsterinsights_sitenote_note":"","_monsterinsights_sitenote_category":0,"_jetpack_memberships_contains_paid_content":false,"footnotes":"","jetpack_publicize_message":"","jetpack_publicize_feature_enabled":true,"jetpack_social_post_already_shared":false,"jetpack_social_options":{"image_generator_settings":{"template":"highway","default_image_id":0,"font":"","enabled":false},"version":2}},"categories":[1],"tags":[],"class_list":["post-4382","post","type-post","status-publish","format-standard","has-post-thumbnail","hentry","category-sin-categoria"],"blocksy_meta":[],"jetpack_publicize_connections":[],"jetpack_featured_media_url":"https:\/\/derechosinfronteras.pe\/wp-content\/uploads\/2019\/05\/Las-Bambas.jpg","jetpack_sharing_enabled":true,"jetpack_likes_enabled":true,"_links":{"self":[{"href":"https:\/\/derechosinfronteras.pe\/ingles\/wp-json\/wp\/v2\/posts\/4382","targetHints":{"allow":["GET"]}}],"collection":[{"href":"https:\/\/derechosinfronteras.pe\/ingles\/wp-json\/wp\/v2\/posts"}],"about":[{"href":"https:\/\/derechosinfronteras.pe\/ingles\/wp-json\/wp\/v2\/types\/post"}],"author":[{"embeddable":true,"href":"https:\/\/derechosinfronteras.pe\/ingles\/wp-json\/wp\/v2\/users\/1"}],"replies":[{"embeddable":true,"href":"https:\/\/derechosinfronteras.pe\/ingles\/wp-json\/wp\/v2\/comments?post=4382"}],"version-history":[{"count":0,"href":"https:\/\/derechosinfronteras.pe\/ingles\/wp-json\/wp\/v2\/posts\/4382\/revisions"}],"wp:featuredmedia":[{"embeddable":true,"href":"https:\/\/derechosinfronteras.pe\/ingles\/wp-json\/wp\/v2\/media\/4383"}],"wp:attachment":[{"href":"https:\/\/derechosinfronteras.pe\/ingles\/wp-json\/wp\/v2\/media?parent=4382"}],"wp:term":[{"taxonomy":"category","embeddable":true,"href":"https:\/\/derechosinfronteras.pe\/ingles\/wp-json\/wp\/v2\/categories?post=4382"},{"taxonomy":"post_tag","embeddable":true,"href":"https:\/\/derechosinfronteras.pe\/ingles\/wp-json\/wp\/v2\/tags?post=4382"}],"curies":[{"name":"wp","href":"https:\/\/api.w.org\/{rel}","templated":true}]}}