{"id":4388,"date":"2019-05-17T16:43:53","date_gmt":"2019-05-17T21:43:53","guid":{"rendered":"http:\/\/derechosinfronteras.pe\/?p=4738"},"modified":"2019-05-17T16:43:53","modified_gmt":"2019-05-17T21:43:53","slug":"pcm-no-demuestra-avances-para-la-atencion-de-personas-afectadas-por-metales-toxicos","status":"publish","type":"post","link":"https:\/\/derechosinfronteras.pe\/ingles\/pcm-no-demuestra-avances-para-la-atencion-de-personas-afectadas-por-metales-toxicos\/","title":{"rendered":"PCM no demuestra avances para la atenci\u00f3n de personas afectadas por metales t\u00f3xicos"},"content":{"rendered":"<p>En octubre del 2018 el Ministerio de Salud emiti\u00f3 la Resoluci\u00f3n Ministerial N\u00b0 979-2018\/MINSA que aprueban los \u201cLineamientos de Pol\u00edtica Sectorial para la Atenci\u00f3n Integral de las Personas Expuestas a Metales Pesados, Metaloides y Otras Sustancias Qu\u00edmicas\u201d. Como ya se hab\u00eda se\u00f1alado desde la \u201cPlataforma Nacional de afectados y afectadas por metales t\u00f3xicos\u201d, esta norma es importante porque es un paso hacia la construcci\u00f3n de una Pol\u00edtica Nacional de atenci\u00f3n integral a los afectados y afectadas por contaminaci\u00f3n con metales t\u00f3xicos en contextos de extracci\u00f3n de minerales; sin embargo, a pesar de haber pasado 6 meses de la emisi\u00f3n de esta pol\u00edtica sectorial, no se est\u00e1n teniendo avances concretos para salvaguardar el derecho a la salud de las y los afectados.<\/p>\n<p>Como lo viene informando el Ministerio de Salud ante la Comisi\u00f3n de Pueblos Andinos, Amaz\u00f3nicos, Afrodescendientes, Ambiente y Ecolog\u00eda (CPAAAAE) del Congreso de la Rep\u00fablica; este ministerio ha presentado ante la PCM una propuesta de decreto supremo para la conformaci\u00f3n de la \u201cComisi\u00f3n Multisectorial de Naturaleza Permanente para proponer el abordaje integral a favor de la poblaci\u00f3n expuesta a metales pesados y otras sustancias qu\u00edmicas\u201d. Sin embargo, hasta la fecha, no hay respuesta de la Presidencia del Consejo de Ministros.<\/p>\n<p>Es as\u00ed que el mi\u00e9rcoles 15 de mayo, los representantes de la Plataforma de afectados que aglutina casos de contaminaci\u00f3n de las regiones de Cuzco, Cajamarca, Jun\u00edn, Cerro de Pasco, Lima y Amazonas, se hicieron presentes ante la CPAAAAE; el Viceministerio de Salud del Ministerio de Salud; y la Defensor\u00eda del Pueblo, para buscar respuestas concretas de parte del gobierno central ante esta problem\u00e1tica generalizada en el pa\u00eds. Sin embargo, la respuesta de instituciones como la Defensor\u00eda del Pueblo muestran que no hay prioridad para una pol\u00edtica ambiental espec\u00edfica para el tema de salud ambiental por contaminaci\u00f3n por metales t\u00f3xicos. El argumento de Alicia Abanto, de la Adjunt\u00eda de Medio Ambiente, Servicios P\u00fablicos y Pueblos Ind\u00edgenas; es que no tienen presupuesto para impulsar un informe defensorial en esta tem\u00e1tica, cuando para los afectados por este tipo de contaminaci\u00f3n ser\u00eda un gran respaldo contar con un informe de \u00e9sta instituci\u00f3n.<\/p>\n<p><strong>Reuni\u00f3n con el MINSA y Congreso<\/strong><\/p>\n<p>De la reuni\u00f3n con el Viceministro de Salud P\u00fablica, el doctor Neptal\u00ed Santillan; el Viceministerio se ha mostrado con la predisposici\u00f3n de impulsar una pol\u00edtica p\u00fablica nacional intersectorial y especializada, pero no han mostrado claridad en c\u00f3mo se va a lograr ello si no se tiene un plan de c\u00f3mo gestionar el presupuesto para esta pol\u00edtica, que si bien tiene alcance nacional tambi\u00e9n tiene que ver con la funci\u00f3n que vienen desarrollando las Direcciones Regionales de Salud (DIRESAS) en cada territorio afectado.<\/p>\n<p>Por su parte, la CPAAAAE, a cargo del congresista del Frente Amplio, Wilbert Rozas; a pesar de la ausencia constante de la bancada fujimorista; en funci\u00f3n a su rol de control pol\u00edtico viene dando seguimiento a la construcci\u00f3n de una pol\u00edtica intersectorial que garantice atenci\u00f3n efectiva a los afectados y afectadas. La pr\u00f3xima semana con la coordinaci\u00f3n de Red Uniendo Manos, CEAS Y Red Muqui, se estar\u00e1 desarrollando la Audiencia P\u00fablica tem\u00e1tica en Jun\u00edn con la participaci\u00f3n de comunidades y organizaciones afectadas e interesadas.<\/p>\n<p>En palabras de una de las voceras de la plataforma de afectados, Yolanda Zurita: \u201chemos venido para exigir una atenci\u00f3n integral al Ministerio de Salud, con profesionales especializados, con presupuesto asignado por regi\u00f3n y Planes de Salud efectivos, as\u00ed como mecanismos de prevenci\u00f3n para que no sigamos expuestos a esta contaminaci\u00f3n. Hay regiones como Cerro de Pasco que llevan casi 80 a\u00f1os contaminadas; el 2017 ellos han venido a encadenarse y no es posible que a la fecha no exista una pol\u00edtica nacional intersectorial y efectiva: solo respuestas limitadas, aisladas y a corto plazo\u201d<\/p>\n<p style=\"text-align: right;\">Redacci\u00f3n: Red Muqui<\/p>","protected":false},"excerpt":{"rendered":"<p>En octubre del 2018 el Ministerio de Salud emiti\u00f3 la Resoluci\u00f3n Ministerial N\u00b0 979-2018\/MINSA que aprueban los \u201cLineamientos de Pol\u00edtica Sectorial para la Atenci\u00f3n Integral de las Personas Expuestas a Metales Pesados, Metaloides y Otras Sustancias Qu\u00edmicas\u201d. Como ya se hab\u00eda se\u00f1alado desde la \u201cPlataforma Nacional de afectados y afectadas por metales t\u00f3xicos\u201d, esta norma [&hellip;]<\/p>\n","protected":false},"author":1,"featured_media":4389,"comment_status":"open","ping_status":"open","sticky":false,"template":"","format":"standard","meta":{"_monsterinsights_skip_tracking":false,"_monsterinsights_sitenote_active":false,"_monsterinsights_sitenote_note":"","_monsterinsights_sitenote_category":0,"_jetpack_memberships_contains_paid_content":false,"footnotes":"","jetpack_publicize_message":"","jetpack_publicize_feature_enabled":true,"jetpack_social_post_already_shared":false,"jetpack_social_options":{"image_generator_settings":{"template":"highway","default_image_id":0,"font":"","enabled":false},"version":2}},"categories":[1],"tags":[],"class_list":["post-4388","post","type-post","status-publish","format-standard","has-post-thumbnail","hentry","category-sin-categoria"],"blocksy_meta":[],"jetpack_publicize_connections":[],"jetpack_featured_media_url":"https:\/\/derechosinfronteras.pe\/wp-content\/uploads\/2019\/05\/Salud.jpg","jetpack_sharing_enabled":true,"jetpack_likes_enabled":true,"_links":{"self":[{"href":"https:\/\/derechosinfronteras.pe\/ingles\/wp-json\/wp\/v2\/posts\/4388","targetHints":{"allow":["GET"]}}],"collection":[{"href":"https:\/\/derechosinfronteras.pe\/ingles\/wp-json\/wp\/v2\/posts"}],"about":[{"href":"https:\/\/derechosinfronteras.pe\/ingles\/wp-json\/wp\/v2\/types\/post"}],"author":[{"embeddable":true,"href":"https:\/\/derechosinfronteras.pe\/ingles\/wp-json\/wp\/v2\/users\/1"}],"replies":[{"embeddable":true,"href":"https:\/\/derechosinfronteras.pe\/ingles\/wp-json\/wp\/v2\/comments?post=4388"}],"version-history":[{"count":0,"href":"https:\/\/derechosinfronteras.pe\/ingles\/wp-json\/wp\/v2\/posts\/4388\/revisions"}],"wp:featuredmedia":[{"embeddable":true,"href":"https:\/\/derechosinfronteras.pe\/ingles\/wp-json\/wp\/v2\/media\/4389"}],"wp:attachment":[{"href":"https:\/\/derechosinfronteras.pe\/ingles\/wp-json\/wp\/v2\/media?parent=4388"}],"wp:term":[{"taxonomy":"category","embeddable":true,"href":"https:\/\/derechosinfronteras.pe\/ingles\/wp-json\/wp\/v2\/categories?post=4388"},{"taxonomy":"post_tag","embeddable":true,"href":"https:\/\/derechosinfronteras.pe\/ingles\/wp-json\/wp\/v2\/tags?post=4388"}],"curies":[{"name":"wp","href":"https:\/\/api.w.org\/{rel}","templated":true}]}}