{"id":4392,"date":"2019-05-15T17:03:23","date_gmt":"2019-05-15T22:03:23","guid":{"rendered":"http:\/\/derechosinfronteras.pe\/?p=4724"},"modified":"2019-05-15T17:03:23","modified_gmt":"2019-05-15T22:03:23","slug":"espinar-continua-discusion-para-implementar-proceso-de-consulta-previa-por-proyecto-corccohuaico","status":"publish","type":"post","link":"https:\/\/derechosinfronteras.pe\/ingles\/espinar-continua-discusion-para-implementar-proceso-de-consulta-previa-por-proyecto-corccohuaico\/","title":{"rendered":"Espinar: Contin\u00faa discusi\u00f3n para implementar proceso de consulta previa por proyecto Coroccohuayco"},"content":{"rendered":"<p>Durante la ma\u00f1ana de hoy, mi\u00e9rcoles 15 de mayo, se llev\u00f3 a cabo la segunda reuni\u00f3n sobre el proceso de Consulta Previa que est\u00e1n exigiendo las comunidades de Espinar ante el proyecto minero de Corccohuayco, impulsado por la empresa Glencore Antapaccay.<\/p>\n<blockquote><p><strong>Bajo la presencia de trece presidentes comunales, representantes del Ministerio de Energ\u00eda y Minas, Ministerio de Cultura y el alcalde provincial de Espinar, se firm\u00f3 el acta con los compromisos de dos reuniones para avanzar con el pedido de consulta previa.<\/strong><\/p><\/blockquote>\n<p>El 10 de junio el Ministerio de Cultura iniciar\u00e1 su trabajo de campo para actualizar la informaci\u00f3n de las 13 comunidades, este proceso finalizar\u00e1 entre el 15 y 19 de julio con la exposici\u00f3n y entrega de resultados. Las comunidades campesinas se comprometieron a dar todas las facilidades para el ingreso de los representantes del Ministerio de Cultura.<\/p>\n<p>De la misma forma, el 15 de junio el Ministerio de Energ\u00eda y Minas realizar\u00e1 una reuni\u00f3n para explicar las razones de porque no se llev\u00f3 el proceso de consulta previa del proyecto minero Antapaccay.<\/p>\n<p><span style=\"color: #800000;\"><strong>En el acta el nombre de los participantes y los acuerdos:<\/strong><\/span><\/p>\n<p><img fetchpriority=\"high\" decoding=\"async\" class=\"aligncenter wp-image-4725\" src=\"http:\/\/derechosinfronteras.pe\/wp-content\/uploads\/2019\/05\/Acta-Consulta-previa-01-831x1024.jpg\" alt=\"\" width=\"697\" height=\"859\" \/><\/p>\n<h3>\u00a0<span style=\"color: #800000;\"><strong>Video sobre pedido de Consulta Previa:<\/strong><\/span><br \/>\n<iframe style=\"border: none; overflow: hidden;\" src=\"https:\/\/www.facebook.com\/plugins\/video.php?href=https%3A%2F%2Fwww.facebook.com%2Fderechossinfronteras.pe%2Fvideos%2F329225011100347%2F&amp;show_text=0&amp;width=560\" width=\"560\" height=\"315\" frameborder=\"0\" scrolling=\"no\" allowfullscreen=\"allowfullscreen\"><\/iframe><\/h3>","protected":false},"excerpt":{"rendered":"<p>Durante la ma\u00f1ana de hoy, mi\u00e9rcoles 15 de mayo, se llev\u00f3 a cabo la segunda reuni\u00f3n sobre el proceso de Consulta Previa que est\u00e1n exigiendo las comunidades de Espinar ante el proyecto minero de Corccohuayco, impulsado por la empresa Glencore Antapaccay. Bajo la presencia de trece presidentes comunales, representantes del Ministerio de Energ\u00eda y Minas, [&hellip;]<\/p>\n","protected":false},"author":1,"featured_media":4393,"comment_status":"open","ping_status":"open","sticky":false,"template":"","format":"standard","meta":{"_monsterinsights_skip_tracking":false,"_monsterinsights_sitenote_active":false,"_monsterinsights_sitenote_note":"","_monsterinsights_sitenote_category":0,"_jetpack_memberships_contains_paid_content":false,"footnotes":"","jetpack_publicize_message":"","jetpack_publicize_feature_enabled":true,"jetpack_social_post_already_shared":false,"jetpack_social_options":{"image_generator_settings":{"template":"highway","default_image_id":0,"font":"","enabled":false},"version":2}},"categories":[1],"tags":[],"class_list":["post-4392","post","type-post","status-publish","format-standard","has-post-thumbnail","hentry","category-sin-categoria"],"blocksy_meta":[],"jetpack_publicize_connections":[],"jetpack_featured_media_url":"https:\/\/derechosinfronteras.pe\/wp-content\/uploads\/2019\/05\/espinar.jpg","jetpack_sharing_enabled":true,"jetpack_likes_enabled":true,"_links":{"self":[{"href":"https:\/\/derechosinfronteras.pe\/ingles\/wp-json\/wp\/v2\/posts\/4392","targetHints":{"allow":["GET"]}}],"collection":[{"href":"https:\/\/derechosinfronteras.pe\/ingles\/wp-json\/wp\/v2\/posts"}],"about":[{"href":"https:\/\/derechosinfronteras.pe\/ingles\/wp-json\/wp\/v2\/types\/post"}],"author":[{"embeddable":true,"href":"https:\/\/derechosinfronteras.pe\/ingles\/wp-json\/wp\/v2\/users\/1"}],"replies":[{"embeddable":true,"href":"https:\/\/derechosinfronteras.pe\/ingles\/wp-json\/wp\/v2\/comments?post=4392"}],"version-history":[{"count":0,"href":"https:\/\/derechosinfronteras.pe\/ingles\/wp-json\/wp\/v2\/posts\/4392\/revisions"}],"wp:featuredmedia":[{"embeddable":true,"href":"https:\/\/derechosinfronteras.pe\/ingles\/wp-json\/wp\/v2\/media\/4393"}],"wp:attachment":[{"href":"https:\/\/derechosinfronteras.pe\/ingles\/wp-json\/wp\/v2\/media?parent=4392"}],"wp:term":[{"taxonomy":"category","embeddable":true,"href":"https:\/\/derechosinfronteras.pe\/ingles\/wp-json\/wp\/v2\/categories?post=4392"},{"taxonomy":"post_tag","embeddable":true,"href":"https:\/\/derechosinfronteras.pe\/ingles\/wp-json\/wp\/v2\/tags?post=4392"}],"curies":[{"name":"wp","href":"https:\/\/api.w.org\/{rel}","templated":true}]}}