{"id":4398,"date":"2019-05-02T17:15:06","date_gmt":"2019-05-02T22:15:06","guid":{"rendered":"http:\/\/derechosinfronteras.pe\/?p=4702"},"modified":"2019-05-02T17:15:06","modified_gmt":"2019-05-02T22:15:06","slug":"sobre-el-proyecto-de-amnistia-y-donde-queda-la-criminalizacion-de-la-protesta-social","status":"publish","type":"post","link":"https:\/\/derechosinfronteras.pe\/ingles\/sobre-el-proyecto-de-amnistia-y-donde-queda-la-criminalizacion-de-la-protesta-social\/","title":{"rendered":"Sobre el Proyecto de Amnist\u00eda: \u00bfY d\u00f3nde queda la criminalizaci\u00f3n de la protesta social?"},"content":{"rendered":"<p style=\"text-align: right;\"><strong>Por: Jorge Bracamonte<\/strong><\/p>\n<p style=\"text-align: right;\"><strong>Secretario Ejecutivo de la CNDDHH <\/strong><\/p>\n<p>El Ministro de Justicia, Vicente Zevallos, y el congresista Richard Arce, han informado que uno de los acuerdos suscritos en la Mesa de Justicia y Derechos Humanos con las comunidades de la provincia de Cotabambas-Apur\u00edmac (caso Las Bambas), ha sido el de la presentaci\u00f3n -en un plazo no mayor de 30 d\u00edas- de un Proyecto Ley de Amnist\u00eda para las y los comuneros que han sido criminalizadxs durante el conflicto social de Las Bambas. Se refiere que habr\u00eda un n\u00famero que va de 300 a 500 dirigentxs criminalizados.<\/p>\n<p>Ciertamente, el acuerdo evidencia la voluntad de las partes de la Mesa de dar una salida a un problema que confronta y entrampa a las distintas partes del conflicto Las Bambas. Sin embargo este acuerdo llama a preocupaci\u00f3n en varios sentidos:<\/p>\n<p><strong>Primero<\/strong>, ya la Comisi\u00f3n y la Corte IDH han emitido varias resoluciones y acuerdos recomendando a los estados a no hacer uso de figuras jur\u00eddicas como las de las amnist\u00edas, pues en la regi\u00f3n este recurso casi siempre ha favorecido situaciones de impunidad frente a graves delitos de derechos humanos.<\/p>\n<p><strong>Segundo<\/strong>, el otorgamiento de la amnist\u00eda y su aceptaci\u00f3n por parte de lxs amnistiadxs, implica el reconocimiento impl\u00edcito de la comisi\u00f3n de un delito, pues citando a la CIDH la \u201c&#8230;amnist\u00eda es el olvido legal de delitos, que extingue la responsabilidad de sus autores\u201d. Es decir, se terminar\u00eda avalando la estrategia de criminalizaci\u00f3n de la protesta social que ha convertido el derecho a la protesta y la libertad de expresi\u00f3n, en los contextos de conflicto social, en delitos.<\/p>\n<p><strong>Y lo tercero<\/strong>, como en otros casos, se pretende ir sobre la rama y extraviarse en el bosque. Las autoridades y representantes involucradxs deben tener en cuenta que la criminalizaci\u00f3n de la protesta social en el Per\u00fa ha generado problema social y de injusticia flagrante, que ha conducido hasta este momento a m\u00e1s de 800 defensores y defensoras de derechos humanos ante el sistema de justicia. La exigencia en el presente caso, como tambi\u00e9n en el conjunto de casos de criminalizaci\u00f3n de la protesta, es la de garantizar los derechos y libertades de quienes hoy son injustamente criminalizadxs. No podemos convivir con estrategias legales orientadas a limitar y someter las libertades y derechos de las personas.<\/p>\n<blockquote>\n<p style=\"text-align: justify;\"><strong>No es posible evadir una demanda justa que surge del p\u00e9simo tratamiento del conflicto de Las Bambas. Por el contrario su atenci\u00f3n debe darse en el contexto del abordaje riguroso e integral a un marco institucional punitivo que ha precarizado los derechos humanos en el Per\u00fa. Esperamos respuestas en este sentido&#8230;.!!!<\/strong><\/p>\n<\/blockquote>\n<p>Foto: PCM &#8211; Cotabambas<\/p>","protected":false},"excerpt":{"rendered":"<p>Por: Jorge Bracamonte Secretario Ejecutivo de la CNDDHH El Ministro de Justicia, Vicente Zevallos, y el congresista Richard Arce, han informado que uno de los acuerdos suscritos en la Mesa de Justicia y Derechos Humanos con las comunidades de la provincia de Cotabambas-Apur\u00edmac (caso Las Bambas), ha sido el de la presentaci\u00f3n -en un plazo [&hellip;]<\/p>\n","protected":false},"author":1,"featured_media":4399,"comment_status":"open","ping_status":"open","sticky":false,"template":"","format":"standard","meta":{"_monsterinsights_skip_tracking":false,"_monsterinsights_sitenote_active":false,"_monsterinsights_sitenote_note":"","_monsterinsights_sitenote_category":0,"_jetpack_memberships_contains_paid_content":false,"footnotes":"","jetpack_publicize_message":"","jetpack_publicize_feature_enabled":true,"jetpack_social_post_already_shared":false,"jetpack_social_options":{"image_generator_settings":{"template":"highway","default_image_id":0,"font":"","enabled":false},"version":2}},"categories":[1],"tags":[],"class_list":["post-4398","post","type-post","status-publish","format-standard","has-post-thumbnail","hentry","category-sin-categoria"],"blocksy_meta":[],"jetpack_publicize_connections":[],"jetpack_featured_media_url":"https:\/\/derechosinfronteras.pe\/wp-content\/uploads\/2019\/05\/Amnistia.jpg","jetpack_sharing_enabled":true,"jetpack_likes_enabled":true,"_links":{"self":[{"href":"https:\/\/derechosinfronteras.pe\/ingles\/wp-json\/wp\/v2\/posts\/4398","targetHints":{"allow":["GET"]}}],"collection":[{"href":"https:\/\/derechosinfronteras.pe\/ingles\/wp-json\/wp\/v2\/posts"}],"about":[{"href":"https:\/\/derechosinfronteras.pe\/ingles\/wp-json\/wp\/v2\/types\/post"}],"author":[{"embeddable":true,"href":"https:\/\/derechosinfronteras.pe\/ingles\/wp-json\/wp\/v2\/users\/1"}],"replies":[{"embeddable":true,"href":"https:\/\/derechosinfronteras.pe\/ingles\/wp-json\/wp\/v2\/comments?post=4398"}],"version-history":[{"count":0,"href":"https:\/\/derechosinfronteras.pe\/ingles\/wp-json\/wp\/v2\/posts\/4398\/revisions"}],"wp:featuredmedia":[{"embeddable":true,"href":"https:\/\/derechosinfronteras.pe\/ingles\/wp-json\/wp\/v2\/media\/4399"}],"wp:attachment":[{"href":"https:\/\/derechosinfronteras.pe\/ingles\/wp-json\/wp\/v2\/media?parent=4398"}],"wp:term":[{"taxonomy":"category","embeddable":true,"href":"https:\/\/derechosinfronteras.pe\/ingles\/wp-json\/wp\/v2\/categories?post=4398"},{"taxonomy":"post_tag","embeddable":true,"href":"https:\/\/derechosinfronteras.pe\/ingles\/wp-json\/wp\/v2\/tags?post=4398"}],"curies":[{"name":"wp","href":"https:\/\/api.w.org\/{rel}","templated":true}]}}