{"id":4400,"date":"2019-05-02T13:00:52","date_gmt":"2019-05-02T18:00:52","guid":{"rendered":"http:\/\/derechosinfronteras.pe\/?p=4695"},"modified":"2019-05-02T13:00:52","modified_gmt":"2019-05-02T18:00:52","slug":"delegacion-de-presidentes-comunales-en-lima-para-pedir-ley-de-amnistia-para-criminalizados","status":"publish","type":"post","link":"https:\/\/derechosinfronteras.pe\/ingles\/delegacion-de-presidentes-comunales-en-lima-para-pedir-ley-de-amnistia-para-criminalizados\/","title":{"rendered":"Las Bambas: Presidentes comunales llegan a Lima para discutir situaci\u00f3n de criminalizados"},"content":{"rendered":"<blockquote>\n<p style=\"text-align: justify;\">Ya se encuentra en la ciudad de Lima, presidentes de las comunidades campesinas de Cotabambas y Grau para pedir al Congreso de la Rep\u00fablica se elabore un Proyecto de Ley de Amnist\u00eda; alarmados por la situaci\u00f3n legal de comuneros, muchos de ellos detenidos y acusados por extorci\u00f3n, disturbios y da\u00f1os a la propiedad en contextos de conflicto y movilizaci\u00f3n social.<\/p>\n<\/blockquote>\n<p>Dentro de sus actividades esta realizar una conferencia de prensa en el Congreso de la Rep\u00fablica y posteriormente, otra actividad p\u00fablica en la Federaci\u00f3n de Periodistas del Per\u00fa; la propuesta de una Ley de Amnist\u00eda ha generado diferentes reacciones en los parlamentarios e incluso un comunicado de la empresa minera MMG Las Bambas, rechazando este tipo de iniciativas.<\/p>\n<p>Estas organizaciones han conformado la Coordinadora de Comunidades Campesinas Afectados por el Proyecto Minero Las Bambas y est\u00e1 conformada por los presidentes de las comunidades campesinas de Fuerabamba, Huancuire, Pumamarca, frente de defensa, federaciones distritales de Tambobamba, Challhuahuacho y el Frente de Defensa de la Provincia de Cotabambas, entre otras instituciones.<\/p>\n<p>La delegaci\u00f3n de presidentes comunales, tambi\u00e9n lleg\u00f3 a Lima, para gestionar y viabilizar los \u00faltimos acuerdos de la Mesa de Trabajo de Justicia y DDHH; impulsaran reuniones con el Ministro de Justicia, el Jefe de la OCMA y la Defensor\u00eda del Pueblo.<\/p>\n<p>De la misma forma se tendr\u00e1 una conversaci\u00f3n con el congresista Richard Arce, qui\u00e9n se comprometi\u00f3 a formular el proyecto de Ley de Amnist\u00eda, ver de qu\u00e9 se trata y a quienes va beneficiar.<\/p>\n<p>Foto: PCM<\/p>\n<p><em><strong>Noticia en curso\u2026<\/strong><\/em><\/p>","protected":false},"excerpt":{"rendered":"<p>Ya se encuentra en la ciudad de Lima, presidentes de las comunidades campesinas de Cotabambas y Grau para pedir al Congreso de la Rep\u00fablica se elabore un Proyecto de Ley de Amnist\u00eda; alarmados por la situaci\u00f3n legal de comuneros, muchos de ellos detenidos y acusados por extorci\u00f3n, disturbios y da\u00f1os a la propiedad en contextos [&hellip;]<\/p>\n","protected":false},"author":1,"featured_media":4401,"comment_status":"open","ping_status":"open","sticky":false,"template":"","format":"standard","meta":{"_monsterinsights_skip_tracking":false,"_monsterinsights_sitenote_active":false,"_monsterinsights_sitenote_note":"","_monsterinsights_sitenote_category":0,"_jetpack_memberships_contains_paid_content":false,"footnotes":"","jetpack_publicize_message":"","jetpack_publicize_feature_enabled":true,"jetpack_social_post_already_shared":false,"jetpack_social_options":{"image_generator_settings":{"template":"highway","default_image_id":0,"font":"","enabled":false},"version":2}},"categories":[1],"tags":[],"class_list":["post-4400","post","type-post","status-publish","format-standard","has-post-thumbnail","hentry","category-sin-categoria"],"blocksy_meta":[],"jetpack_publicize_connections":[],"jetpack_featured_media_url":"https:\/\/derechosinfronteras.pe\/wp-content\/uploads\/2019\/05\/Lima.jpg","jetpack_sharing_enabled":true,"jetpack_likes_enabled":true,"_links":{"self":[{"href":"https:\/\/derechosinfronteras.pe\/ingles\/wp-json\/wp\/v2\/posts\/4400","targetHints":{"allow":["GET"]}}],"collection":[{"href":"https:\/\/derechosinfronteras.pe\/ingles\/wp-json\/wp\/v2\/posts"}],"about":[{"href":"https:\/\/derechosinfronteras.pe\/ingles\/wp-json\/wp\/v2\/types\/post"}],"author":[{"embeddable":true,"href":"https:\/\/derechosinfronteras.pe\/ingles\/wp-json\/wp\/v2\/users\/1"}],"replies":[{"embeddable":true,"href":"https:\/\/derechosinfronteras.pe\/ingles\/wp-json\/wp\/v2\/comments?post=4400"}],"version-history":[{"count":0,"href":"https:\/\/derechosinfronteras.pe\/ingles\/wp-json\/wp\/v2\/posts\/4400\/revisions"}],"wp:featuredmedia":[{"embeddable":true,"href":"https:\/\/derechosinfronteras.pe\/ingles\/wp-json\/wp\/v2\/media\/4401"}],"wp:attachment":[{"href":"https:\/\/derechosinfronteras.pe\/ingles\/wp-json\/wp\/v2\/media?parent=4400"}],"wp:term":[{"taxonomy":"category","embeddable":true,"href":"https:\/\/derechosinfronteras.pe\/ingles\/wp-json\/wp\/v2\/categories?post=4400"},{"taxonomy":"post_tag","embeddable":true,"href":"https:\/\/derechosinfronteras.pe\/ingles\/wp-json\/wp\/v2\/tags?post=4400"}],"curies":[{"name":"wp","href":"https:\/\/api.w.org\/{rel}","templated":true}]}}