{"id":4402,"date":"2019-04-30T09:09:00","date_gmt":"2019-04-30T14:09:00","guid":{"rendered":"http:\/\/derechosinfronteras.pe\/?p=4688"},"modified":"2023-12-28T20:53:50","modified_gmt":"2023-12-29T01:53:50","slug":"4688-2","status":"publish","type":"post","link":"https:\/\/derechosinfronteras.pe\/ingles\/4688-2\/","title":{"rendered":"Suscriben acuerdos por el desarrollo de Espinar"},"content":{"rendered":"<p>Ayer se ha desarrollado una mesa de di\u00e1logo en Yauri \u2013 Espinar, compartimos los acuerdos a los que han arribado y las agendas que han suscrito todos los participantes.<\/p>\n<h3><strong>Acuerdos (Acta Final):<\/strong><\/h3>\n<p><strong>1<\/strong>.-<strong> MESA DE DI\u00c1LOGO PARA EL DESARROLLO SOSTENIBLE DE ESPINAR<\/strong>, conformado por los siguientes ejes tem\u00e1ticos o sub mesas <strong>a<\/strong>.- Inversi\u00f3n y Desarrollo de la Provincia de Espinar <strong>b.- <\/strong>Salud, Ambiente, Saneamiento y Residuos S\u00f3lidos <strong>c.- <\/strong>Convenio Marco <strong>d.- <\/strong>Consulta Previa y Corredor Minero.<\/p>\n<p><strong>2<\/strong>.- La Ministra del Medio Ambiente se compromete que a trav\u00e9s de la Presidencia de Consejo de Ministros (PCM) emitir\u00e1 una resoluci\u00f3n ministerial de reinicio de dialogo denominado \u201cMesa de di\u00e1logo de la Provincia de Espinar\u201d.<\/p>\n<p><strong>3<\/strong>.- En cuanto a la <u>Sub Mesa de Inversi\u00f3n y Desarrollo de la Provincia<\/u> de Espinar el 16 de mayo de 2019 se realizara la primera reuni\u00f3n de la sub mesa entre la PCM y un equipo t\u00e9cnico de la Municipalidad Provincial de Espinar.<\/p>\n<p>Por su parte el Ministerio de Vivienda Construcci\u00f3n y Saneamiento; informo respecto al proyecto de agua y saneamiento para Espinar que culmin\u00f3 y comunic\u00f3 la revisi\u00f3n y evaluaci\u00f3n del Expediente T\u00e9cnico entregado por la Municipalidad el pasado 26 de abril del a\u00f1o 2019, al respecto el Ministerio de Vivienda priorizar\u00e1 la implementaci\u00f3n de dicho proyecto para la cual proporcionar\u00e1 la asistencia t\u00e9cnica necesaria para la subsanaci\u00f3n de estas y se conforme un grupo de trabajo entre el Ministerio de Vivienda y la Municipalidad Provincial de Espinar (MPE), para establecer un cronograma de trabajo, en tal sentido la MPE deber\u00e1 definir la modalidad de ejecuci\u00f3n y realizar las acciones administrativas y legales respectivas.<\/p>\n<p>La DIGESA continuara brindando asistencia t\u00e9cnica y soporte de an\u00e1lisis de laboratorio a la DIRESA CUSCO para continuar con los monitoreos de calidad de agua de consumo humano de Espinar.<\/p>\n<p>El Programa Nacional de Inversi\u00f3n en Salud (<strong><em>PRONIS) <\/em><\/strong>realizara la convocatoria para la ejecuci\u00f3n de obra del Hospital de Espinar el 10 de mayo de 2019, y se tiene programado el inicio de la construcci\u00f3n de obra en el mes de septiembre de 2019.<\/p>\n<p>El 2 y 3 de mayo de 2019 el Ministerio de Salud (MINSA) brindara asistencia t\u00e9cnica a la DIRESA Cusco para la revisi\u00f3n final del \u201cPlan de Acci\u00f3n para la Atenci\u00f3n de Personas con Exposici\u00f3n a Metales Pesados en las Provincias de Espinar, Chumbivilcas y la Convenci\u00f3n\u201d dicho Plan de Acci\u00f3n ser\u00e1 aprobado por la DIRESA de Cusco y financiado por el Gobierno Regional.<\/p>\n<p>En la segunda semana de mayo DIRESA y DIGESA se constituir\u00e1n a Espinar para aclarar sobre el informe de contaminaci\u00f3n realizado en el a\u00f1o 2018 por la Red de Salud Canas Canchis Espinar.<\/p>\n<p>La Escuela Nacional de Salud P\u00fablica, capacitara al personal de salud de la Provincia de Espinar, Chumbivilcas y La Convenci\u00f3n para mejorar la atenci\u00f3n de salud a las personas con exposici\u00f3n a metales pesados.<\/p>\n Las autoridades que participaron de la mesa de di\u00e1logo; Municipio Provincial de Espinar, Ministerio de Energ\u00eda y M\u00ednas, Ministerio de Ambiente y representante de MINSA, Gobierno Regional de Cusco.\n<p><strong>4<\/strong>.- <strong>Sub Mesa de Salud, Ambiente, Saneamiento y Residuos S\u00f3lidos<\/strong>, el Gobierno Nacional coordinara con el Gobierno Regional de Cusco y la Municipalidad Provincial de Espinar la instalaci\u00f3n y cronograma de futuras reuniones de la sub mesa en un periodo de 2 semanas a partir de la firma de la presente acta.<\/p>\n<p><strong>5<\/strong>.- <strong>Sub Mesa de Convenio Marco<\/strong>, el MINEN se compromete en promover el di\u00e1logo entre los actores del Convenio Marco a la brevedad posible.<\/p>\n<p><strong>6<\/strong>.- <strong>Sub Mesa de Consulta Previa y Corredor Minero<\/strong>, el 15 de mayo del 2019 el MINEN se reunir\u00e1 con las comunidades Campesinas involucradas en el Proyecto Minero Integraci\u00f3n Coroccohuayco, para implementar el proceso de Consulta Previa y elaborar\u00e1 un cronograma de trabajo de futuras reuniones, el MINEN asimismo, coordinara con el Ministerio de Transportes y Comunicaciones y el Ministerio del Ambiente para abordar la problem\u00e1tica del Corredor Minero.<\/p>\n<p>A las 16:00 horas del mismo d\u00eda proceden a firmar la presente acta.<\/p>\n<blockquote>\n<p style=\"text-align: justify;\">Espinar, es una de la Provincias del Departamento de Cusco, que durante muchos a\u00f1os no ha estado ajeno a los conflictos sociales y principalmente con graves afectaciones a la Salud por la actividad extractiva, as\u00ed como evidente contaminaci\u00f3n ambiental que a la fecha no se ha puesto en agenda.<\/p>\n<p style=\"text-align: justify;\">Es necesario levantar informaci\u00f3n a detalle sobre el estado de salud de los pobladores de la Provincia de Espinar y de las fuentes h\u00eddricas para sobre esa base precisar las pol\u00edticas p\u00fablicas. Estaremos atentos al desarrollo de la instalaci\u00f3n de esta Mesa de Dialogo para el Desarrollo Sostenible de Espinar.<\/p>\n<\/blockquote>","protected":false},"excerpt":{"rendered":"<p>Ayer se ha desarrollado una mesa de di\u00e1logo en Yauri \u2013 Espinar, compartimos los acuerdos a los que han arribado y las agendas que han suscrito todos los participantes. Acuerdos (Acta Final): 1.- MESA DE DI\u00c1LOGO PARA EL DESARROLLO SOSTENIBLE DE ESPINAR, conformado por los siguientes ejes tem\u00e1ticos o sub mesas a.- Inversi\u00f3n y Desarrollo [&hellip;]<\/p>\n","protected":false},"author":1,"featured_media":4403,"comment_status":"open","ping_status":"open","sticky":false,"template":"","format":"standard","meta":{"_monsterinsights_skip_tracking":false,"_monsterinsights_sitenote_active":false,"_monsterinsights_sitenote_note":"","_monsterinsights_sitenote_category":0,"_jetpack_memberships_contains_paid_content":false,"footnotes":"","jetpack_publicize_message":"","jetpack_publicize_feature_enabled":true,"jetpack_social_post_already_shared":false,"jetpack_social_options":{"image_generator_settings":{"template":"highway","default_image_id":0,"font":"","enabled":false},"version":2}},"categories":[1],"tags":[],"class_list":["post-4402","post","type-post","status-publish","format-standard","has-post-thumbnail","hentry","category-sin-categoria"],"blocksy_meta":[],"jetpack_publicize_connections":[],"jetpack_featured_media_url":"https:\/\/derechosinfronteras.pe\/wp-content\/uploads\/2019\/04\/mesa-de-dialogo-Espinar-04.jpg","jetpack_sharing_enabled":true,"jetpack_likes_enabled":true,"_links":{"self":[{"href":"https:\/\/derechosinfronteras.pe\/ingles\/wp-json\/wp\/v2\/posts\/4402","targetHints":{"allow":["GET"]}}],"collection":[{"href":"https:\/\/derechosinfronteras.pe\/ingles\/wp-json\/wp\/v2\/posts"}],"about":[{"href":"https:\/\/derechosinfronteras.pe\/ingles\/wp-json\/wp\/v2\/types\/post"}],"author":[{"embeddable":true,"href":"https:\/\/derechosinfronteras.pe\/ingles\/wp-json\/wp\/v2\/users\/1"}],"replies":[{"embeddable":true,"href":"https:\/\/derechosinfronteras.pe\/ingles\/wp-json\/wp\/v2\/comments?post=4402"}],"version-history":[{"count":2,"href":"https:\/\/derechosinfronteras.pe\/ingles\/wp-json\/wp\/v2\/posts\/4402\/revisions"}],"predecessor-version":[{"id":7090,"href":"https:\/\/derechosinfronteras.pe\/ingles\/wp-json\/wp\/v2\/posts\/4402\/revisions\/7090"}],"wp:featuredmedia":[{"embeddable":true,"href":"https:\/\/derechosinfronteras.pe\/ingles\/wp-json\/wp\/v2\/media\/4403"}],"wp:attachment":[{"href":"https:\/\/derechosinfronteras.pe\/ingles\/wp-json\/wp\/v2\/media?parent=4402"}],"wp:term":[{"taxonomy":"category","embeddable":true,"href":"https:\/\/derechosinfronteras.pe\/ingles\/wp-json\/wp\/v2\/categories?post=4402"},{"taxonomy":"post_tag","embeddable":true,"href":"https:\/\/derechosinfronteras.pe\/ingles\/wp-json\/wp\/v2\/tags?post=4402"}],"curies":[{"name":"wp","href":"https:\/\/api.w.org\/{rel}","templated":true}]}}