{"id":4404,"date":"2019-04-29T16:08:27","date_gmt":"2019-04-29T21:08:27","guid":{"rendered":"http:\/\/derechosinfronteras.pe\/?p=4684"},"modified":"2019-04-29T16:08:27","modified_gmt":"2019-04-29T21:08:27","slug":"estado-se-compromete-a-impulsar-consulta-previa-en-espinar","status":"publish","type":"post","link":"https:\/\/derechosinfronteras.pe\/ingles\/estado-se-compromete-a-impulsar-consulta-previa-en-espinar\/","title":{"rendered":"Estado se compromete a impulsar Consulta Previa en Espinar"},"content":{"rendered":"<p>El Ministro de Energ\u00eda y Minas (MEM), Francisco \u00cdsmodes Mezzano, tuvo una reuni\u00f3n con m\u00e1s de 14 comunidades originarias de Espinar que han estado pidiendo la implementaci\u00f3n de Consulta Previa ante el Proyecto Minero Coroccohuayco; uno de los acuerdos es iniciar este proceso de consulta con reuniones preparatorias este pr\u00f3ximo 15 de mayo.<\/p>\n<p>Leonidas Huanca, presidente de la Comunidad de Huisa, ha indicado que \u2013a partir de esta reuni\u00f3n-el ministro se comprometi\u00f3 a impulsar la Consulta Previa y que tambi\u00e9n se debe identificar el n\u00famero de comunidades originarias que son parte de la influencia de las actividades mineras.<\/p>\n<p>Como se sabe este nuevo proyecto minero se viene tramitando y a punto de ser aprobado en SENACE; ah\u00ed se ha presentado la Modificaci\u00f3n del Estudio de Impacto Ambiental del Proyecto Antapaccay Expansi\u00f3n Tintaya Integraci\u00f3n Coroccohuayco; ante esta situaci\u00f3n las comunidades han exigido la Consulta Previa.<\/p>\n<p>Con este nuevo panorama y compromisos por parte de Ejecutivo, las comunidades al entorno minero podr\u00edan realizar una Consulta Previa Libre e Informada, y de esa forma ejercer libremente su derecho de decidir sobre este nuevo proyecto minero.<\/p>\n<p>El congresista Armando Villanueva, quien tambi\u00e9n fue parte de la reuni\u00f3n en Tintaya Marquiri, ha indicado que se ha sugerido ya no solo un Estudio de Impacto Ambiental para Antapaccay, sino otro que establezca las responsabilidades de la empresa minera frente a los impactos econ\u00f3micos y ambientales.<\/p>","protected":false},"excerpt":{"rendered":"<p>El Ministro de Energ\u00eda y Minas (MEM), Francisco \u00cdsmodes Mezzano, tuvo una reuni\u00f3n con m\u00e1s de 14 comunidades originarias de Espinar que han estado pidiendo la implementaci\u00f3n de Consulta Previa ante el Proyecto Minero Coroccohuayco; uno de los acuerdos es iniciar este proceso de consulta con reuniones preparatorias este pr\u00f3ximo 15 de mayo. Leonidas Huanca, [&hellip;]<\/p>\n","protected":false},"author":1,"featured_media":4405,"comment_status":"open","ping_status":"open","sticky":false,"template":"","format":"standard","meta":{"_monsterinsights_skip_tracking":false,"_monsterinsights_sitenote_active":false,"_monsterinsights_sitenote_note":"","_monsterinsights_sitenote_category":0,"_jetpack_memberships_contains_paid_content":false,"footnotes":"","jetpack_publicize_message":"","jetpack_publicize_feature_enabled":true,"jetpack_social_post_already_shared":false,"jetpack_social_options":{"image_generator_settings":{"template":"highway","default_image_id":0,"font":"","enabled":false},"version":2}},"categories":[1],"tags":[],"class_list":["post-4404","post","type-post","status-publish","format-standard","has-post-thumbnail","hentry","category-sin-categoria"],"blocksy_meta":[],"jetpack_publicize_connections":[],"jetpack_featured_media_url":"https:\/\/derechosinfronteras.pe\/wp-content\/uploads\/2019\/04\/MEM.jpg","jetpack_sharing_enabled":true,"jetpack_likes_enabled":true,"_links":{"self":[{"href":"https:\/\/derechosinfronteras.pe\/ingles\/wp-json\/wp\/v2\/posts\/4404","targetHints":{"allow":["GET"]}}],"collection":[{"href":"https:\/\/derechosinfronteras.pe\/ingles\/wp-json\/wp\/v2\/posts"}],"about":[{"href":"https:\/\/derechosinfronteras.pe\/ingles\/wp-json\/wp\/v2\/types\/post"}],"author":[{"embeddable":true,"href":"https:\/\/derechosinfronteras.pe\/ingles\/wp-json\/wp\/v2\/users\/1"}],"replies":[{"embeddable":true,"href":"https:\/\/derechosinfronteras.pe\/ingles\/wp-json\/wp\/v2\/comments?post=4404"}],"version-history":[{"count":0,"href":"https:\/\/derechosinfronteras.pe\/ingles\/wp-json\/wp\/v2\/posts\/4404\/revisions"}],"wp:featuredmedia":[{"embeddable":true,"href":"https:\/\/derechosinfronteras.pe\/ingles\/wp-json\/wp\/v2\/media\/4405"}],"wp:attachment":[{"href":"https:\/\/derechosinfronteras.pe\/ingles\/wp-json\/wp\/v2\/media?parent=4404"}],"wp:term":[{"taxonomy":"category","embeddable":true,"href":"https:\/\/derechosinfronteras.pe\/ingles\/wp-json\/wp\/v2\/categories?post=4404"},{"taxonomy":"post_tag","embeddable":true,"href":"https:\/\/derechosinfronteras.pe\/ingles\/wp-json\/wp\/v2\/tags?post=4404"}],"curies":[{"name":"wp","href":"https:\/\/api.w.org\/{rel}","templated":true}]}}