{"id":4406,"date":"2019-04-29T12:36:22","date_gmt":"2019-04-29T17:36:22","guid":{"rendered":"http:\/\/derechosinfronteras.pe\/?p=4675"},"modified":"2019-04-29T12:36:22","modified_gmt":"2019-04-29T17:36:22","slug":"espinar-comunidades-exigen-consulta-previa","status":"publish","type":"post","link":"https:\/\/derechosinfronteras.pe\/ingles\/espinar-comunidades-exigen-consulta-previa\/","title":{"rendered":"Espinar: Comunidades exigen Consulta Previa"},"content":{"rendered":"<p>Las Comunidades Originarias de Yauri \u2013 Espinar, el d\u00eda de hoy se re\u00fanen con representantes del ejecutivo, con presencia del Ministerio de Energ\u00eda y Minas entre otros, con la finalidad de deliberar sobre la implementaci\u00f3n de la #ConsultaPrevia, libre e Informada en relaci\u00f3n a la aprobaci\u00f3n de la Modificaci\u00f3n del Estudio de Impacto Ambiental del Proyecto Antapaccay Expansi\u00f3n Tintaya Integraci\u00f3n Coroccohuayco tramitada ante Servicio Nacional de Certificaci\u00f3n Ambiental para las Inversiones Sostenibles (SENACE) por la Compa\u00f1\u00eda Minera Antapaccay S.A. en la Provincia de Espinar.<br \/>\nAnte la posibilidad de inicio de este nuevo proyecto minero, tajo abierto consistente en extracci\u00f3n de minerales de cobre, las Comunidades Originarias ubicadas dentro del \u00e1rea de influencia directa e indirecta solicitan ante el ministerio informar acerca de la implementaci\u00f3n del proceso de Consulta Previa.<br \/>\nEl derecho de Consulta Previa est\u00e1 regulado por el Convenio 169 de la OIT, la Declaraci\u00f3n de las Naciones sobre los Derechos de los Pueblos Ind\u00edgenas, Ley N\u00ba 29785 \u2013 Ley del derecho a la consulta previa a los pueblos ind\u00edgenas u originarios y entre otros, todas ellas establecen la obligaci\u00f3n de implementar la Consulta Previa, Libre e Informada para el desarrollo de actividades extractivas que afectan directamente a los pueblos ind\u00edgenas.<\/p>\n<figure id=\"attachment_4679\" aria-describedby=\"caption-attachment-4679\" style=\"width: 496px\" class=\"wp-caption aligncenter\"><img fetchpriority=\"high\" decoding=\"async\" class=\"wp-image-4679\" src=\"http:\/\/derechosinfronteras.pe\/wp-content\/uploads\/2019\/04\/Pronunciamiento-espinar.jpeg\" alt=\"\" width=\"496\" height=\"662\" \/><figcaption id=\"caption-attachment-4679\" class=\"wp-caption-text\">Las Comunidades Originarias peticionantes de la Consulta Previa emitieron un comunicado donde se resalta, \u201cNo estamos dispuestos a permitir que una vez m\u00e1s se vulnere nuestros derechos\u2026\u201d, \u201c\u2026 han sido m\u00e1s de 30 a\u00f1os de constantes abusos en nuestra contra, por parte de las empresas mineras y el propio Estado\u201d.<\/figcaption><\/figure>\n<p>Dirigentes comunales hace d\u00edas denunciaron p\u00fablicamente que la Empresa Minera est\u00e1 hostigando a las comunidades a no implementar la Consulta Previa, amedrentando con no firmar convenios, no otorgar trabajo o puestos laborales, no beneficiar con obras o inversi\u00f3n en la Comunidad.<\/p>\n<p><span style=\"color: #800000;\"><strong>DATO:<\/strong><\/span> Las Comunidades Originarias Huini Coroccohuayco, Pacopata y Huano Huano el pasado 17 de abril presentaron ante el Juzgado Mixto de Espinar Demanda de Amparo para la implantaci\u00f3n de la Consulta Previa, a la fecha el juzgado a\u00fan no se pronunciado sobre la demanda generando que el conflicto se agudice.<\/p>\n<p>Foto: Vidal Merma<\/p>","protected":false},"excerpt":{"rendered":"<p>Las Comunidades Originarias de Yauri \u2013 Espinar, el d\u00eda de hoy se re\u00fanen con representantes del ejecutivo, con presencia del Ministerio de Energ\u00eda y Minas entre otros, con la finalidad de deliberar sobre la implementaci\u00f3n de la #ConsultaPrevia, libre e Informada en relaci\u00f3n a la aprobaci\u00f3n de la Modificaci\u00f3n del Estudio de Impacto Ambiental del [&hellip;]<\/p>\n","protected":false},"author":1,"featured_media":4407,"comment_status":"open","ping_status":"open","sticky":false,"template":"","format":"standard","meta":{"_monsterinsights_skip_tracking":false,"_monsterinsights_sitenote_active":false,"_monsterinsights_sitenote_note":"","_monsterinsights_sitenote_category":0,"_jetpack_memberships_contains_paid_content":false,"footnotes":"","jetpack_publicize_message":"","jetpack_publicize_feature_enabled":true,"jetpack_social_post_already_shared":false,"jetpack_social_options":{"image_generator_settings":{"template":"highway","default_image_id":0,"font":"","enabled":false},"version":2}},"categories":[1],"tags":[],"class_list":["post-4406","post","type-post","status-publish","format-standard","has-post-thumbnail","hentry","category-sin-categoria"],"blocksy_meta":[],"jetpack_publicize_connections":[],"jetpack_featured_media_url":"https:\/\/derechosinfronteras.pe\/wp-content\/uploads\/2019\/04\/Reunion-Espinar.jpg","jetpack_sharing_enabled":true,"jetpack_likes_enabled":true,"_links":{"self":[{"href":"https:\/\/derechosinfronteras.pe\/ingles\/wp-json\/wp\/v2\/posts\/4406","targetHints":{"allow":["GET"]}}],"collection":[{"href":"https:\/\/derechosinfronteras.pe\/ingles\/wp-json\/wp\/v2\/posts"}],"about":[{"href":"https:\/\/derechosinfronteras.pe\/ingles\/wp-json\/wp\/v2\/types\/post"}],"author":[{"embeddable":true,"href":"https:\/\/derechosinfronteras.pe\/ingles\/wp-json\/wp\/v2\/users\/1"}],"replies":[{"embeddable":true,"href":"https:\/\/derechosinfronteras.pe\/ingles\/wp-json\/wp\/v2\/comments?post=4406"}],"version-history":[{"count":0,"href":"https:\/\/derechosinfronteras.pe\/ingles\/wp-json\/wp\/v2\/posts\/4406\/revisions"}],"wp:featuredmedia":[{"embeddable":true,"href":"https:\/\/derechosinfronteras.pe\/ingles\/wp-json\/wp\/v2\/media\/4407"}],"wp:attachment":[{"href":"https:\/\/derechosinfronteras.pe\/ingles\/wp-json\/wp\/v2\/media?parent=4406"}],"wp:term":[{"taxonomy":"category","embeddable":true,"href":"https:\/\/derechosinfronteras.pe\/ingles\/wp-json\/wp\/v2\/categories?post=4406"},{"taxonomy":"post_tag","embeddable":true,"href":"https:\/\/derechosinfronteras.pe\/ingles\/wp-json\/wp\/v2\/tags?post=4406"}],"curies":[{"name":"wp","href":"https:\/\/api.w.org\/{rel}","templated":true}]}}